{"id":286886,"date":"2015-06-18T12:38:30","date_gmt":"2015-06-18T17:38:30","guid":{"rendered":"http:\/\/futboltotal.com.mx\/?p=286886"},"modified":"2015-06-18T12:42:08","modified_gmt":"2015-06-18T17:42:08","slug":"jean-beausejour-en-la-mira-de-xolos","status":"publish","type":"post","link":"http:\/\/desarrollo.grupomedios.com\/futbol\/futbol-mexicano\/jean-beausejour-en-la-mira-de-xolos\/2015\/06","title":{"rendered":"Jean Beausejour, \u00bfen la mira de Xolos\u0010?"},"content":{"rendered":"<p><strong>Xolos de Tijuana<\/strong> a\u00fan busca refuerzos de cara al Apertura 2015 de la <strong>Liga MX,<\/strong> motivo por el cual ir\u00eda por los servicios del volante chileno, <strong>Jean Beausejour.<\/strong><\/p>\n<p>Rub\u00e9n Omar Romano sigue de cerca al jugador que participa en la Copa Am\u00e9rica y ya habr\u00eda solicitado a su directiva tener un acercamiento con el elemento hoy del Colo Colo.<\/p>\n<p>Seg\u00fan indica <em>Fox Sports<\/em><strong>,<\/strong> <strong>Xolos<\/strong> apostar\u00eda por la experiencia de <strong>Jean Beausejour<\/strong> en el futbol mexicano, pues pas\u00f3 por Am\u00e9rica entre 2009 y 2010, aunque no dej\u00f3 la impresi\u00f3n deseada.<\/p>\n<div id=\"attachment_2286\" style=\"width: 810px\" class=\"wp-caption alignnone\"><a href=\"http:\/\/futboltotal.com.mx\/wp-content\/uploads\/2012\/08\/Chile.jpg\"><img aria-describedby=\"caption-attachment-2286\" decoding=\"async\" loading=\"lazy\" class=\"wp-image-2286 size-full\" src=\"http:\/\/futboltotal.com.mx\/wp-content\/uploads\/2012\/08\/Chile.jpg\" alt=\"Chile\" \/><\/a><p id=\"caption-attachment-2286\" class=\"wp-caption-text\">Jean Beausejour, seleccionado chileno. (Foto: AFP)<\/p><\/div>\n<p><strong>Xolos<\/strong> se reforz\u00f3 en este Draft con: Diego de Buen (Pachuca), Rodrigo Salinas (Pachuca), Jos\u00e9 Mar\u00eda C\u00e1rdenas (Le\u00f3n), Gibran Lajud (Cruz Azul), Carlos Guzm\u00e1n (Morelia), Federico Vilar (Atlas), Leit\u00f3n Jim\u00e9nez (Veracruz), Pedro Hern\u00e1ndez (Dorados), Leonardo Bedolla (Dorados), Uriel \u00c1lvarez (Dorados) y\u00a0Felipe Flores\u00a0(Colo Colo).<\/p>\n","protected":false},"excerpt":{"rendered":"<p>Romano buscar\u00eda tener los servicios del chileno <\/p>\n","protected":false},"author":20,"featured_media":286900,"comment_status":"open","ping_status":"open","sticky":false,"template":"","format":"standard","meta":[],"categories":[2198,3845],"tags":[5560,5974,1673],"_links":{"self":[{"href":"http:\/\/desarrollo.grupomedios.com\/futbol\/wp-json\/wp\/v2\/posts\/286886"}],"collection":[{"href":"http:\/\/desarrollo.grupomedios.com\/futbol\/wp-json\/wp\/v2\/posts"}],"about":[{"href":"http:\/\/desarrollo.grupomedios.com\/futbol\/wp-json\/wp\/v2\/types\/post"}],"author":[{"embeddable":true,"href":"http:\/\/desarrollo.grupomedios.com\/futbol\/wp-json\/wp\/v2\/users\/20"}],"replies":[{"embeddable":true,"href":"http:\/\/desarrollo.grupomedios.com\/futbol\/wp-json\/wp\/v2\/comments?post=286886"}],"version-history":[{"count":0,"href":"http:\/\/desarrollo.grupomedios.com\/futbol\/wp-json\/wp\/v2\/posts\/286886\/revisions"}],"wp:featuredmedia":[{"embeddable":true,"href":"http:\/\/desarrollo.grupomedios.com\/futbol\/wp-json\/wp\/v2\/media\/286900"}],"wp:attachment":[{"href":"http:\/\/desarrollo.grupomedios.com\/futbol\/wp-json\/wp\/v2\/media?parent=286886"}],"wp:term":[{"taxonomy":"category","embeddable":true,"href":"http:\/\/desarrollo.grupomedios.com\/futbol\/wp-json\/wp\/v2\/categories?post=286886"},{"taxonomy":"post_tag","embeddable":true,"href":"http:\/\/desarrollo.grupomedios.com\/futbol\/wp-json\/wp\/v2\/tags?post=286886"}],"curies":[{"name":"wp","href":"https:\/\/api.w.org\/{rel}","templated":true}]}}