{"id":286923,"date":"2015-06-18T13:19:53","date_gmt":"2015-06-18T18:19:53","guid":{"rendered":"http:\/\/futboltotal.com.mx\/?p=286923"},"modified":"2015-06-18T13:19:53","modified_gmt":"2015-06-18T18:19:53","slug":"como-sufre-gerard-pique-en-sus-vacaciones","status":"publish","type":"post","link":"http:\/\/desarrollo.grupomedios.com\/futbol\/videos\/como-sufre-gerard-pique-en-sus-vacaciones\/2015\/06","title":{"rendered":"\u00a1C\u00f3mo sufre Gerard Piqu\u00e9 en sus vacaciones!"},"content":{"rendered":"<p><strong>Gerard Piqu\u00e9<\/strong> siempre se divierte como ni\u00f1o. Si as\u00ed lo hace dentro de los campos, fuera de ellos no pod\u00eda ser de otra manera. El central del Barcelona mostr\u00f3 en su cuenta de <em>Instagram<\/em> su nueva afici\u00f3n al <em>Flyboard<\/em>. \u00a1C\u00f3mo sufre en sus vacaciones! <\/p>\n<p>El flyboard consiste en colocarte unas botas especiales que te propulsan hacia el cielo mediante fuerza hidr\u00e1ulica.<\/p>\n<div style=\"width: 640px;\" class=\"wp-video\"><!--[if lt IE 9]><script>document.createElement('video');<\/script><![endif]-->\n<video class=\"wp-video-shortcode\" id=\"video-286923-1\" width=\"640\" height=\"360\" preload=\"metadata\" controls=\"controls\"><source type=\"video\/mp4\" src=\"http:\/\/futboltotal.com.mx\/wp-content\/uploads\/2015\/06\/Video_by_3gerardpique.mp4?_=1\" \/><a href=\"http:\/\/futboltotal.com.mx\/wp-content\/uploads\/2015\/06\/Video_by_3gerardpique.mp4\">http:\/\/futboltotal.com.mx\/wp-content\/uploads\/2015\/06\/Video_by_3gerardpique.mp4<\/a><\/video><\/div>\n","protected":false},"excerpt":{"rendered":"<p>El seleccionado espa\u00f1ol prob\u00f3 el flyboard, una actividad como de videojuego<\/p>\n","protected":false},"author":20,"featured_media":286925,"comment_status":"open","ping_status":"open","sticky":false,"template":"","format":"standard","meta":[],"categories":[4],"tags":[5984,841],"_links":{"self":[{"href":"http:\/\/desarrollo.grupomedios.com\/futbol\/wp-json\/wp\/v2\/posts\/286923"}],"collection":[{"href":"http:\/\/desarrollo.grupomedios.com\/futbol\/wp-json\/wp\/v2\/posts"}],"about":[{"href":"http:\/\/desarrollo.grupomedios.com\/futbol\/wp-json\/wp\/v2\/types\/post"}],"author":[{"embeddable":true,"href":"http:\/\/desarrollo.grupomedios.com\/futbol\/wp-json\/wp\/v2\/users\/20"}],"replies":[{"embeddable":true,"href":"http:\/\/desarrollo.grupomedios.com\/futbol\/wp-json\/wp\/v2\/comments?post=286923"}],"version-history":[{"count":0,"href":"http:\/\/desarrollo.grupomedios.com\/futbol\/wp-json\/wp\/v2\/posts\/286923\/revisions"}],"wp:featuredmedia":[{"embeddable":true,"href":"http:\/\/desarrollo.grupomedios.com\/futbol\/wp-json\/wp\/v2\/media\/286925"}],"wp:attachment":[{"href":"http:\/\/desarrollo.grupomedios.com\/futbol\/wp-json\/wp\/v2\/media?parent=286923"}],"wp:term":[{"taxonomy":"category","embeddable":true,"href":"http:\/\/desarrollo.grupomedios.com\/futbol\/wp-json\/wp\/v2\/categories?post=286923"},{"taxonomy":"post_tag","embeddable":true,"href":"http:\/\/desarrollo.grupomedios.com\/futbol\/wp-json\/wp\/v2\/tags?post=286923"}],"curies":[{"name":"wp","href":"https:\/\/api.w.org\/{rel}","templated":true}]}}