{"id":286985,"date":"2015-06-18T16:00:36","date_gmt":"2015-06-18T21:00:36","guid":{"rendered":"http:\/\/futboltotal.com.mx\/?p=286985"},"modified":"2015-06-18T16:06:36","modified_gmt":"2015-06-18T21:06:36","slug":"miranda-del-atletico-al-inter-de-milan","status":"publish","type":"post","link":"http:\/\/desarrollo.grupomedios.com\/futbol\/futbol-internacional\/miranda-del-atletico-al-inter-de-milan\/2015\/06","title":{"rendered":"Miranda, del Atl\u00e9tico al Inter de Mil\u00e1n"},"content":{"rendered":"<p>El <strong>Inter Milan<\/strong> lleg\u00f3 a un acuerdo con el <strong>Atl\u00e9tico de Madrid<\/strong> por el traspaso del central brasile\u00f1o <strong>Joao Miranda<\/strong>, quien se convertir\u00e1 en el primer refuerzo del club lombardo para la temporada 2015-16.<\/p>\n<p><strong>Miranda<\/strong> ten\u00eda contrato hasta 2016 y no recibi\u00f3 oferta de renovaci\u00f3n por parte del <strong>Atl\u00e9tico<\/strong>, debido a que desde el pasado mes de enero extern\u00f3 su deseo de cambiar de club. El <strong>Inter <\/strong>pag\u00f3 por el pase una cifra cercana a los 15 millones de euros. El defensa de 30 a\u00f1os se reunir\u00e1 con los directivos interistas las pr\u00f3ximas horas para finiquitar detalles de la contrataci\u00f3n.<\/p>\n<p><strong>Atl\u00e9tico<\/strong> ten\u00eda como plazo m\u00e1ximo para cerrar el pase de Miranda este verano, toda vez que el pr\u00f3ximo 30 de junio terminaba contrato. Con la garant\u00eda de que Jos\u00e9 Mar\u00eda Gim\u00e9nez tiene los argumentos para hacer t\u00e1ndem con Diego God\u00edn, intocable del <em>Cholo<\/em>, las negociaci\u00f3n qued\u00f3 cerrada este jueves y lo \u00fanico que falta es oficializar el traspaso, seg\u00fan <em>Sky Italia.<\/em><\/p>\n","protected":false},"excerpt":{"rendered":"<p>El central brasile\u00f1o llegar\u00e1 a la Serie A tras el pago de 15 millones de euros<\/p>\n","protected":false},"author":20,"featured_media":287016,"comment_status":"open","ping_status":"open","sticky":false,"template":"","format":"standard","meta":[],"categories":[3839,3844,3848],"tags":[6007,640,4847,227],"_links":{"self":[{"href":"http:\/\/desarrollo.grupomedios.com\/futbol\/wp-json\/wp\/v2\/posts\/286985"}],"collection":[{"href":"http:\/\/desarrollo.grupomedios.com\/futbol\/wp-json\/wp\/v2\/posts"}],"about":[{"href":"http:\/\/desarrollo.grupomedios.com\/futbol\/wp-json\/wp\/v2\/types\/post"}],"author":[{"embeddable":true,"href":"http:\/\/desarrollo.grupomedios.com\/futbol\/wp-json\/wp\/v2\/users\/20"}],"replies":[{"embeddable":true,"href":"http:\/\/desarrollo.grupomedios.com\/futbol\/wp-json\/wp\/v2\/comments?post=286985"}],"version-history":[{"count":0,"href":"http:\/\/desarrollo.grupomedios.com\/futbol\/wp-json\/wp\/v2\/posts\/286985\/revisions"}],"wp:featuredmedia":[{"embeddable":true,"href":"http:\/\/desarrollo.grupomedios.com\/futbol\/wp-json\/wp\/v2\/media\/287016"}],"wp:attachment":[{"href":"http:\/\/desarrollo.grupomedios.com\/futbol\/wp-json\/wp\/v2\/media?parent=286985"}],"wp:term":[{"taxonomy":"category","embeddable":true,"href":"http:\/\/desarrollo.grupomedios.com\/futbol\/wp-json\/wp\/v2\/categories?post=286985"},{"taxonomy":"post_tag","embeddable":true,"href":"http:\/\/desarrollo.grupomedios.com\/futbol\/wp-json\/wp\/v2\/tags?post=286985"}],"curies":[{"name":"wp","href":"https:\/\/api.w.org\/{rel}","templated":true}]}}