{"id":287038,"date":"2015-06-18T17:42:14","date_gmt":"2015-06-18T22:42:14","guid":{"rendered":"http:\/\/futboltotal.com.mx\/?p=287038"},"modified":"2015-06-18T17:44:06","modified_gmt":"2015-06-18T22:44:06","slug":"cirilo-saucedo-no-jugara-con-morelia","status":"publish","type":"post","link":"http:\/\/desarrollo.grupomedios.com\/futbol\/futbol-mexicano\/cirilo-saucedo-no-jugara-con-morelia\/2015\/06","title":{"rendered":"Cirilo Saucedo no jugar\u00e1 con Morelia"},"content":{"rendered":"<p>Pese a que <strong><a href=\"http:\/\/futboltotal.com.mx\/equipos\/morelia\/\" target=\"_blank\">Morelia<\/a><\/strong> ya hab\u00eda dado la bienvenida a <strong>Cirilo Saucedo,<\/strong> este jueves se confirm\u00f3 que el portero no llegar\u00e1 al club para el Apertura 2015 de la <strong><a href=\"http:\/\/futboltotal.com.mx\/futbol-mexicano\/liga-mx\/\" target=\"_blank\">Liga MX.<\/a><\/strong><\/p>\n<p>Roberto Hern\u00e1ndez, directivo de <strong>Morelia<\/strong>, sentenci\u00f3 que al final no pudieron llegar a un acuerdo econ\u00f3mico con <strong>Cirilo Saucedo<\/strong>, motivo por el cual ahora buscar\u00e1n guardameta en el extranjero. La idea es que se d\u00e9 de inmediato para que se ponga a las \u00f3rdenes del t\u00e9cnico, Enrique Meza.<\/p>\n<p>Al no llegar a un acuerdo con <strong>Morelia<\/strong>, el destino de <strong>Cirilo Saucedo<\/strong> solo podr\u00eda estar de regreso en Tijuana, aunque ahora ya cuentan con Federico Vilar, por lo que es m\u00e1s seguro verlo buscando un lugar en el extranjero.<\/p>\n<p>Asimismo, se explic\u00f3 que Rodrigo Millar podr\u00eda tener la misma suerte que <strong>Cirilo Saucedo<\/strong>, aunque en este caso tanto jugador como instituci\u00f3n mantienen las pl\u00e1ticas para llegar a un acuerdo.<\/p>\n<p>La noticia se dio durante la presentaci\u00f3n de los refuerzos de Monarcas: Cristian Pellerano, Carlos Ochoa, Facundo Erpen, Enrique P\u00e9rez, Juan Pablo Rodr\u00edguez y Dieter Villalpando.<\/p>\n","protected":false},"excerpt":{"rendered":"<p>El portero no lleg\u00f3 a un acuerdo para llegar a Monarcas<\/p>\n","protected":false},"author":20,"featured_media":287055,"comment_status":"open","ping_status":"open","sticky":false,"template":"","format":"standard","meta":[],"categories":[2198,3845],"tags":[449,85,5967],"_links":{"self":[{"href":"http:\/\/desarrollo.grupomedios.com\/futbol\/wp-json\/wp\/v2\/posts\/287038"}],"collection":[{"href":"http:\/\/desarrollo.grupomedios.com\/futbol\/wp-json\/wp\/v2\/posts"}],"about":[{"href":"http:\/\/desarrollo.grupomedios.com\/futbol\/wp-json\/wp\/v2\/types\/post"}],"author":[{"embeddable":true,"href":"http:\/\/desarrollo.grupomedios.com\/futbol\/wp-json\/wp\/v2\/users\/20"}],"replies":[{"embeddable":true,"href":"http:\/\/desarrollo.grupomedios.com\/futbol\/wp-json\/wp\/v2\/comments?post=287038"}],"version-history":[{"count":0,"href":"http:\/\/desarrollo.grupomedios.com\/futbol\/wp-json\/wp\/v2\/posts\/287038\/revisions"}],"wp:featuredmedia":[{"embeddable":true,"href":"http:\/\/desarrollo.grupomedios.com\/futbol\/wp-json\/wp\/v2\/media\/287055"}],"wp:attachment":[{"href":"http:\/\/desarrollo.grupomedios.com\/futbol\/wp-json\/wp\/v2\/media?parent=287038"}],"wp:term":[{"taxonomy":"category","embeddable":true,"href":"http:\/\/desarrollo.grupomedios.com\/futbol\/wp-json\/wp\/v2\/categories?post=287038"},{"taxonomy":"post_tag","embeddable":true,"href":"http:\/\/desarrollo.grupomedios.com\/futbol\/wp-json\/wp\/v2\/tags?post=287038"}],"curies":[{"name":"wp","href":"https:\/\/api.w.org\/{rel}","templated":true}]}}