{"id":287054,"date":"2015-06-19T11:57:09","date_gmt":"2015-06-19T16:57:09","guid":{"rendered":"http:\/\/futboltotal.com.mx\/?p=287054"},"modified":"2015-06-19T15:48:28","modified_gmt":"2015-06-19T20:48:28","slug":"mexico-vs-ecuador-por-la-clasificacion","status":"publish","type":"post","link":"http:\/\/desarrollo.grupomedios.com\/futbol\/futbol-mexicano\/mexico-vs-ecuador-por-la-clasificacion\/2015\/06","title":{"rendered":"M\u00e9xico vs. Ecuador, por la clasificaci\u00f3n"},"content":{"rendered":"<p>Este viernes (16:00 horas)\u00a0en Rancagua, la <strong>Selecci\u00f3n Mexicana<\/strong> enfrentar\u00e1\u00a0a un equipo que jam\u00e1s lo ha vencido en un torneo oficial. <strong>M\u00e9xico<\/strong> se medir\u00e1 ante\u00a0<strong>Ecuador<\/strong> en busca de su clasificaci\u00f3n a los Cuartos de Final de la <strong>Copa Am\u00e9rica 2015<\/strong>. El duelo representa, tanto para el\u00a0<em>Tri<\/em> como para los ecuatoriano,\u00a0su\u00a0\u00faltima esperanza de seguir con vida en la justa continental.<\/p>\n<p><strong>Ecuador<\/strong> deber\u00e1 sacar la cresta para vencer a <strong>M\u00e9xico<\/strong> e intentar colarse en la siguiente ronda de la <strong>Copa Am\u00e9rica<\/strong>, aunque sea como uno de los mejores tercer lugares de grupo.<\/p>\n<p>Luego de empatar en sus primeras dos presentaciones, el equipo de Miguel Herrera deber\u00e1 entonces conseguir una victoria ante <strong>Ecuador<\/strong> para asegurar su clasificaci\u00f3n, ya que otro empate lo pone a la merced de lo que sucede en los otros grupos de la competencia.<\/p>\n<p><strong><a href=\"http:\/\/futboltotal.com.mx\/estadisticas\/estadisticas-copa-america\/\" target=\"_blank\">CONSULTA LAS ESTAD\u00cdSTICAS DE LA COPA AM\u00c9RICA, AL MOMENTO<\/a><\/strong><\/p>\n<p>Tras caer en la presentaci\u00f3n inicial de la <strong>Copa Am\u00e9rica<\/strong> ante Chile, <strong>Ecuador<\/strong> recibi\u00f3 otro golpe al caer sorpresivamente con uno de los equipos revelaci\u00f3n del torneo hasta el momento, Bolivia. Por eso, deber\u00e1 poner todo para vencer a un equipo contra el que tiene apenas una victoria (en amistoso) en sus \u00faltimas 15 presentaciones.<\/p>\n<p>Para el <strong>M\u00e9xico<\/strong> vs. <strong>Ecuador<\/strong>, Miguel Herrera esperar\u00e1 echar mano nuevamente de Mat\u00edas Vuoso, quien le ha resultado una revelaci\u00f3n en la <strong>Copa Am\u00e9rica<\/strong>, ya que sus dos goles ante Chile aseguraron el resultado ante el pa\u00eds sede. De acuerdo con varios reportes, Herrera tiene la duda de alinear a Efra\u00edn Velarde o a Marco Fabi\u00e1n en el ya vacante puesto de Adri\u00e1n Aldrete, situaci\u00f3n que ha obligado al DT a modificar su esquema.<\/p>\n<p>Por parte de <strong>Ecuador<\/strong>, los de Gustavo Quinteros necesitan ganar y esperar resultados, ya que su diferencia de goles ser\u00e1 factor aunque consigan los tres puntos.<\/p>\n<p>[video_player]https:\/\/player.vimeo.com\/external\/131137436.hd.mp4?s=d61bc6334fbdd38c20a1ad75aea602cf&amp;profile_id=113[\/video_player]<\/p>\n<p>Caer ante Chile por 2-0 y ante Bolivia por 3-2 deja a los ecuatorianos con la m\u00e1s peque\u00f1a de las opciones para continuar, por lo que pr\u00e1cticamente deben golear a <strong>M\u00e9xico<\/strong> y esperar no ser superado en puntos o goles por los otros dos terceros lugares de los grupos, ya que no aspiran ya al primer o segundo lugar, dado que tanto Chile como Bolivia tienen cuatro puntos cada uno.<\/p>\n<p><strong>M\u00e9xico<\/strong> intentar\u00e1 avanzar y no repetir la actuaci\u00f3n de Argentina 2011, donde no ganaron partido alguno y se quedaron en la fase de grupos de la <strong>Copa Am\u00e9rica<\/strong> por primera vez en su historia.<\/p>\n<p><a href=\"http:\/\/futboltotal.com.mx\/wp-content\/uploads\/2015\/06\/el_teniente.jpg\"><img decoding=\"async\" loading=\"lazy\" class=\"alignnone wp-image-287140\" src=\"http:\/\/futboltotal.com.mx\/wp-content\/uploads\/2015\/06\/el_teniente.jpg\" alt=\"el_teniente\" srcset=\"http:\/\/desarrollo.grupomedios.com\/futbol\/wp-content\/uploads\/2015\/06\/el_teniente.jpg 1640w, http:\/\/desarrollo.grupomedios.com\/futbol\/wp-content\/uploads\/2015\/06\/el_teniente-300x290.jpg 300w, http:\/\/desarrollo.grupomedios.com\/futbol\/wp-content\/uploads\/2015\/06\/el_teniente-1024x989.jpg 1024w\" sizes=\"(max-width: 820px) 100vw, 820px\" \/><\/a><\/p>\n","protected":false},"excerpt":{"rendered":"<p>El Tri debe ganar para seguir con vida en la Copa Am\u00e9rica 2015<\/p>\n","protected":false},"author":20,"featured_media":287066,"comment_status":"open","ping_status":"open","sticky":false,"template":"","format":"standard","meta":[],"categories":[5516,2198,3847],"tags":[708,65],"_links":{"self":[{"href":"http:\/\/desarrollo.grupomedios.com\/futbol\/wp-json\/wp\/v2\/posts\/287054"}],"collection":[{"href":"http:\/\/desarrollo.grupomedios.com\/futbol\/wp-json\/wp\/v2\/posts"}],"about":[{"href":"http:\/\/desarrollo.grupomedios.com\/futbol\/wp-json\/wp\/v2\/types\/post"}],"author":[{"embeddable":true,"href":"http:\/\/desarrollo.grupomedios.com\/futbol\/wp-json\/wp\/v2\/users\/20"}],"replies":[{"embeddable":true,"href":"http:\/\/desarrollo.grupomedios.com\/futbol\/wp-json\/wp\/v2\/comments?post=287054"}],"version-history":[{"count":0,"href":"http:\/\/desarrollo.grupomedios.com\/futbol\/wp-json\/wp\/v2\/posts\/287054\/revisions"}],"wp:featuredmedia":[{"embeddable":true,"href":"http:\/\/desarrollo.grupomedios.com\/futbol\/wp-json\/wp\/v2\/media\/287066"}],"wp:attachment":[{"href":"http:\/\/desarrollo.grupomedios.com\/futbol\/wp-json\/wp\/v2\/media?parent=287054"}],"wp:term":[{"taxonomy":"category","embeddable":true,"href":"http:\/\/desarrollo.grupomedios.com\/futbol\/wp-json\/wp\/v2\/categories?post=287054"},{"taxonomy":"post_tag","embeddable":true,"href":"http:\/\/desarrollo.grupomedios.com\/futbol\/wp-json\/wp\/v2\/tags?post=287054"}],"curies":[{"name":"wp","href":"https:\/\/api.w.org\/{rel}","templated":true}]}}