{"id":287091,"date":"2015-06-18T20:34:48","date_gmt":"2015-06-19T01:34:48","guid":{"rendered":"http:\/\/futboltotal.com.mx\/?p=287091"},"modified":"2015-06-18T20:34:48","modified_gmt":"2015-06-19T01:34:48","slug":"peru-1-0-venezuela-decepcionante-triunfo","status":"publish","type":"post","link":"http:\/\/desarrollo.grupomedios.com\/futbol\/futbol-internacional\/peru-1-0-venezuela-decepcionante-triunfo\/2015\/06","title":{"rendered":"Per\u00fa 1-0 Venezuela | Decepcionante triunfo"},"content":{"rendered":"<p>En un partido donde los equipos escatimaron en espect\u00e1culo, <strong>Per\u00fa<\/strong> logr\u00f3 sacar el triunfo ante <strong>Venezuela<\/strong>, gracias a la anotaci\u00f3n de <strong>Claudio Pizarro<\/strong> (72&#8242;). De esta forma, los pupilos de Ricardo Gareca se metieron de lleno para avanzar en la <strong>Copa Am\u00e9rica<\/strong>.<\/p>\n<p>Con este resultado, los <em>Incas<\/em> pusieron al rojo vivo el Grupo 3, pues todos los integrantes de este sector suman tres unidades a falta de un compromiso para pasar a la siguiente fase.<\/p>\n<p>Desde el primer tiempo ambas escuadras advirtieron que el partido se tornar\u00eda en una pelea por el medio campo; situaci\u00f3n que se mantuvo en todo momento, pues ninguno se acerc\u00f3 con claridad al arco rival, por si fuera poco, los venezolanos se quedaron con 10 hombres, tras la expulsi\u00f3n de\u00a0Fernando Amorebieta (29&#8242;), de esta forma se fueron al descanso.<\/p>\n<p>Para el complemento del cotejo, la f\u00f3rmula se mantuvo, <strong>Per\u00fa<\/strong> y <strong>Venezuela<\/strong> demostraron tibieza en sus ataques, por tanto, los disparos m\u00e1s cercanos pasaron a dos metros de la porter\u00eda.<\/p>\n<p>Fue hasta el minuto 72 que <strong>Pizarro<\/strong> recibi\u00f3 el bal\u00f3n en los linderos de \u00e1rea, prepar\u00f3, apunt\u00f3 y sac\u00f3 potente dispar\u00f3 que se incrust\u00f3 en la meta de la <em>vino tinto<\/em>.<\/p>\n<p><iframe loading=\"lazy\" src=\"https:\/\/www.youtube.com\/embed\/jjAq8MBHJ6M\" frameborder=\"0\" allowfullscreen=\"allowfullscreen\"><\/iframe><\/p>\n","protected":false},"excerpt":{"rendered":"<p>Los Incas pusieron al rojo vivo el Grupo 3<\/p>\n","protected":false},"author":20,"featured_media":287093,"comment_status":"open","ping_status":"open","sticky":false,"template":"","format":"standard","meta":[],"categories":[5516,3839,3844],"tags":[2130,722,633],"_links":{"self":[{"href":"http:\/\/desarrollo.grupomedios.com\/futbol\/wp-json\/wp\/v2\/posts\/287091"}],"collection":[{"href":"http:\/\/desarrollo.grupomedios.com\/futbol\/wp-json\/wp\/v2\/posts"}],"about":[{"href":"http:\/\/desarrollo.grupomedios.com\/futbol\/wp-json\/wp\/v2\/types\/post"}],"author":[{"embeddable":true,"href":"http:\/\/desarrollo.grupomedios.com\/futbol\/wp-json\/wp\/v2\/users\/20"}],"replies":[{"embeddable":true,"href":"http:\/\/desarrollo.grupomedios.com\/futbol\/wp-json\/wp\/v2\/comments?post=287091"}],"version-history":[{"count":0,"href":"http:\/\/desarrollo.grupomedios.com\/futbol\/wp-json\/wp\/v2\/posts\/287091\/revisions"}],"wp:featuredmedia":[{"embeddable":true,"href":"http:\/\/desarrollo.grupomedios.com\/futbol\/wp-json\/wp\/v2\/media\/287093"}],"wp:attachment":[{"href":"http:\/\/desarrollo.grupomedios.com\/futbol\/wp-json\/wp\/v2\/media?parent=287091"}],"wp:term":[{"taxonomy":"category","embeddable":true,"href":"http:\/\/desarrollo.grupomedios.com\/futbol\/wp-json\/wp\/v2\/categories?post=287091"},{"taxonomy":"post_tag","embeddable":true,"href":"http:\/\/desarrollo.grupomedios.com\/futbol\/wp-json\/wp\/v2\/tags?post=287091"}],"curies":[{"name":"wp","href":"https:\/\/api.w.org\/{rel}","templated":true}]}}