{"id":287111,"date":"2015-06-19T07:35:43","date_gmt":"2015-06-19T12:35:43","guid":{"rendered":"http:\/\/futboltotal.com.mx\/?p=287111"},"modified":"2015-06-19T08:38:07","modified_gmt":"2015-06-19T13:38:07","slug":"revelan-la-conversacion-entre-neymar-y-zuniga","status":"publish","type":"post","link":"http:\/\/desarrollo.grupomedios.com\/futbol\/videos\/revelan-la-conversacion-entre-neymar-y-zuniga\/2015\/06","title":{"rendered":"&#8220;Luego me llamas a pedir perd\u00f3n, hijo de p&#8230;&#8221;: Neymar"},"content":{"rendered":"<p>Todo le sali\u00f3 mal a <strong>Neymar<\/strong> el mi\u00e9rcoles. Brasil perdi\u00f3, su juego qued\u00f3 muy lejos de su rendimiento espl\u00e9ndido ante Per\u00fa, fue sacado de sus casillas todo el encuentro y para cerrar su mala noche fue expulsado. El jueves, <em>Canal Plus<\/em> revel\u00f3 las m\u00faltiples conversaciones entre el capit\u00e1n de Brasil y Camilo Zu\u00f1iga, en las cuales el astro brasile\u00f1o record\u00f3 el pasado Mundial (donde un rodillazo del zaguero cafetalero lo priv\u00f3 de disputar semifinal y final) y se desquit\u00f3 con insultos al defensor colombiano, entre los que destac\u00f3 un <strong>&#8220;luego me llamas a pedir perd\u00f3n, hijo de p&#8230;&#8221;<\/strong>.<\/p>\n<p><iframe loading=\"lazy\" src=\"https:\/\/www.youtube.com\/embed\/qHzzEhrUBFU\" frameborder=\"0\" allowfullscreen=\"allowfullscreen\"><\/iframe><\/p>\n","protected":false},"excerpt":{"rendered":"<p>Revelan c\u00f3mo fue provocado el crack de Brasil ante Colombia <\/p>\n","protected":false},"author":20,"featured_media":287112,"comment_status":"open","ping_status":"open","sticky":false,"template":"","format":"standard","meta":[],"categories":[5,4],"tags":[5568,2130,6001],"_links":{"self":[{"href":"http:\/\/desarrollo.grupomedios.com\/futbol\/wp-json\/wp\/v2\/posts\/287111"}],"collection":[{"href":"http:\/\/desarrollo.grupomedios.com\/futbol\/wp-json\/wp\/v2\/posts"}],"about":[{"href":"http:\/\/desarrollo.grupomedios.com\/futbol\/wp-json\/wp\/v2\/types\/post"}],"author":[{"embeddable":true,"href":"http:\/\/desarrollo.grupomedios.com\/futbol\/wp-json\/wp\/v2\/users\/20"}],"replies":[{"embeddable":true,"href":"http:\/\/desarrollo.grupomedios.com\/futbol\/wp-json\/wp\/v2\/comments?post=287111"}],"version-history":[{"count":0,"href":"http:\/\/desarrollo.grupomedios.com\/futbol\/wp-json\/wp\/v2\/posts\/287111\/revisions"}],"wp:featuredmedia":[{"embeddable":true,"href":"http:\/\/desarrollo.grupomedios.com\/futbol\/wp-json\/wp\/v2\/media\/287112"}],"wp:attachment":[{"href":"http:\/\/desarrollo.grupomedios.com\/futbol\/wp-json\/wp\/v2\/media?parent=287111"}],"wp:term":[{"taxonomy":"category","embeddable":true,"href":"http:\/\/desarrollo.grupomedios.com\/futbol\/wp-json\/wp\/v2\/categories?post=287111"},{"taxonomy":"post_tag","embeddable":true,"href":"http:\/\/desarrollo.grupomedios.com\/futbol\/wp-json\/wp\/v2\/tags?post=287111"}],"curies":[{"name":"wp","href":"https:\/\/api.w.org\/{rel}","templated":true}]}}