{"id":287116,"date":"2015-06-19T08:29:16","date_gmt":"2015-06-19T13:29:16","guid":{"rendered":"http:\/\/futboltotal.com.mx\/?p=287116"},"modified":"2015-06-19T08:31:05","modified_gmt":"2015-06-19T13:31:05","slug":"mascherano-sale-a-la-defensa-de-neymar","status":"publish","type":"post","link":"http:\/\/desarrollo.grupomedios.com\/futbol\/futbol-internacional\/mascherano-sale-a-la-defensa-de-neymar\/2015\/06","title":{"rendered":"Mascherano sale a la defensa de Neymar"},"content":{"rendered":"<p><strong>Javier Mascherano<\/strong>, no est\u00e1 de acuerdo con los ataques a <strong>Neymar<\/strong> y sali\u00f3 en su defensa, luego de las m\u00faltiples cr\u00edticas tras su expulsi\u00f3n en el duelo entre Brasil-Colombia v\u00e1lido por la Copa Am\u00e9rica.<\/p>\n<p>El futbolista argentino sentenci\u00f3 que en distinats ocasiones lo \u00fanico que el rival busca es desepera al crack brasile\u00f1o.<\/p>\n<p>&#8220;Ac\u00e1 el roce es mayor y depende de lo que pretenda la organizaci\u00f3n, porque si quiere espect\u00e1culo tiene que cuidar m\u00e1s a los jugadores. A Neymar le pegaron 20 patadas y por una mano le sacaron amarilla y eso es algo que juega en la cabeza. No hay que olvidarse que es un chico de 23 a\u00f1os&#8221;, revel\u00f3 a <em>ESPN<\/em>.<\/p>\n<p>&#8220;No me toc\u00f3 hablar con \u00e9l, pero seguro debe estar mal. Pienso que Brasil pierde a su principal generador, pero son cosas que pasan en el f\u00fatbol sudamericano y m\u00e1s en la Copa Am\u00e9rica, donde es m\u00e1s complicado para el jugador desequilibrante porque hay m\u00e1s permisividad que en Europa&#8221;, abund\u00f3 Mascherano.<\/p>\n<p>Este jueves fueron reveladas las im\u00e1genes de la <strong><a href=\"http:\/\/futboltotal.com.mx\/2015\/06\/revelan-la-conversacion-entre-neymar-y-zuniga\/\">t\u00e1ctica que us\u00f3 Colombia para desesperar a Ney<\/a><\/strong>, mismas que al final ocasionaron su explosi\u00f3n y su tarjeta roja.<\/p>\n","protected":false},"excerpt":{"rendered":"<p>El futbolista del Barcelona no est\u00e1 de acuerdo con las cr\u00edticas a su compa\u00f1ero <\/p>\n","protected":false},"author":20,"featured_media":287117,"comment_status":"open","ping_status":"open","sticky":false,"template":"","format":"standard","meta":[],"categories":[5516,3839],"tags":[2337,6001],"_links":{"self":[{"href":"http:\/\/desarrollo.grupomedios.com\/futbol\/wp-json\/wp\/v2\/posts\/287116"}],"collection":[{"href":"http:\/\/desarrollo.grupomedios.com\/futbol\/wp-json\/wp\/v2\/posts"}],"about":[{"href":"http:\/\/desarrollo.grupomedios.com\/futbol\/wp-json\/wp\/v2\/types\/post"}],"author":[{"embeddable":true,"href":"http:\/\/desarrollo.grupomedios.com\/futbol\/wp-json\/wp\/v2\/users\/20"}],"replies":[{"embeddable":true,"href":"http:\/\/desarrollo.grupomedios.com\/futbol\/wp-json\/wp\/v2\/comments?post=287116"}],"version-history":[{"count":0,"href":"http:\/\/desarrollo.grupomedios.com\/futbol\/wp-json\/wp\/v2\/posts\/287116\/revisions"}],"wp:featuredmedia":[{"embeddable":true,"href":"http:\/\/desarrollo.grupomedios.com\/futbol\/wp-json\/wp\/v2\/media\/287117"}],"wp:attachment":[{"href":"http:\/\/desarrollo.grupomedios.com\/futbol\/wp-json\/wp\/v2\/media?parent=287116"}],"wp:term":[{"taxonomy":"category","embeddable":true,"href":"http:\/\/desarrollo.grupomedios.com\/futbol\/wp-json\/wp\/v2\/categories?post=287116"},{"taxonomy":"post_tag","embeddable":true,"href":"http:\/\/desarrollo.grupomedios.com\/futbol\/wp-json\/wp\/v2\/tags?post=287116"}],"curies":[{"name":"wp","href":"https:\/\/api.w.org\/{rel}","templated":true}]}}