{"id":287152,"date":"2015-06-19T11:20:50","date_gmt":"2015-06-19T16:20:50","guid":{"rendered":"http:\/\/futboltotal.com.mx\/?p=287152"},"modified":"2015-06-19T11:53:38","modified_gmt":"2015-06-19T16:53:38","slug":"matias-vuoso-en-el-once-ideal-de-copa-america","status":"publish","type":"post","link":"http:\/\/desarrollo.grupomedios.com\/futbol\/futbol-internacional\/matias-vuoso-en-el-once-ideal-de-copa-america\/2015\/06","title":{"rendered":"Mat\u00edas Vuoso en el once ideal de Copa Am\u00e9rica"},"content":{"rendered":"<p>El futbolista mexicano, <strong>Vicente Mat\u00edas Vuoso<\/strong>, fue considerado en el once titular de la jornada de dos de la <strong>Copa Am\u00e9rica<\/strong>. El artillero <em>tricolor<\/em>, integra una delantera comandada por los argentinos <strong>Sergio Ag\u00fcero y Lionel \u00a0Messi.<\/strong><\/p>\n<p>Las dos contundentes anotaciones que realiz\u00f3 <strong>Vuoso<\/strong> ante la selecci\u00f3n de Chile no pasaron desapercibidas y lo catapultaron a la titularidad de este combinado. Con este nombramiento, la selecci\u00f3n de M\u00e9xico ha colaborado con este once ideal en las dos jornadas que se han disputado.<\/p>\n<p>La alineaci\u00f3n titular, est\u00e1 formada por tres argentinos, tres colombianos y \u00a0dos bolivianos, por su parte, Chile, M\u00e9xico y Paraguay solo \u00a0aportaron a un jugador.<\/p>\n<p>La lista final qued\u00f3 integrada por el Arquero Romel Qui\u00f1onez (BOL), los defensas Pablo Zabaleta (ARG), Ronald Raldes (BOL), Jeison Murillo (COL), Miguel Samudio (PAR).<\/p>\n<p>En la Media, Juan Cuadrado (COL), Carlos S\u00e1nchez (COL) y Arturo Vidal (CHI) complementan el sector. Finalmente, la ofensiva letal est\u00e1 a cargo de <em>Leo<\/em> (ARG), <em>Kun<\/em> (ARG), \u00a0y <strong>Vuoso<\/strong> (MEX). La direcci\u00f3n t\u00e9cnica est\u00e1 a mando del estratega boliviano, Mauricio Soria.<\/p>\n<p>De este once, <strong>Messi<\/strong>\u00a0es el \u00fanico futbolista que logr\u00f3 repetir como titular en el once ideal de la <strong>Copa Am\u00e9rica<\/strong>.<\/p>\n<p>&nbsp;<\/p>\n","protected":false},"excerpt":{"rendered":"<p>El mexicano integra una ofensiva letal junto a Messi y Ag\u00fcero<\/p>\n","protected":false},"author":20,"featured_media":287172,"comment_status":"open","ping_status":"open","sticky":false,"template":"","format":"standard","meta":[],"categories":[5516,3839,3844,3847],"tags":[2130,331,65],"_links":{"self":[{"href":"http:\/\/desarrollo.grupomedios.com\/futbol\/wp-json\/wp\/v2\/posts\/287152"}],"collection":[{"href":"http:\/\/desarrollo.grupomedios.com\/futbol\/wp-json\/wp\/v2\/posts"}],"about":[{"href":"http:\/\/desarrollo.grupomedios.com\/futbol\/wp-json\/wp\/v2\/types\/post"}],"author":[{"embeddable":true,"href":"http:\/\/desarrollo.grupomedios.com\/futbol\/wp-json\/wp\/v2\/users\/20"}],"replies":[{"embeddable":true,"href":"http:\/\/desarrollo.grupomedios.com\/futbol\/wp-json\/wp\/v2\/comments?post=287152"}],"version-history":[{"count":0,"href":"http:\/\/desarrollo.grupomedios.com\/futbol\/wp-json\/wp\/v2\/posts\/287152\/revisions"}],"wp:featuredmedia":[{"embeddable":true,"href":"http:\/\/desarrollo.grupomedios.com\/futbol\/wp-json\/wp\/v2\/media\/287172"}],"wp:attachment":[{"href":"http:\/\/desarrollo.grupomedios.com\/futbol\/wp-json\/wp\/v2\/media?parent=287152"}],"wp:term":[{"taxonomy":"category","embeddable":true,"href":"http:\/\/desarrollo.grupomedios.com\/futbol\/wp-json\/wp\/v2\/categories?post=287152"},{"taxonomy":"post_tag","embeddable":true,"href":"http:\/\/desarrollo.grupomedios.com\/futbol\/wp-json\/wp\/v2\/tags?post=287152"}],"curies":[{"name":"wp","href":"https:\/\/api.w.org\/{rel}","templated":true}]}}