{"id":287162,"date":"2015-06-19T11:33:35","date_gmt":"2015-06-19T16:33:35","guid":{"rendered":"http:\/\/futboltotal.com.mx\/?p=287162"},"modified":"2015-06-19T11:41:41","modified_gmt":"2015-06-19T16:41:41","slug":"ofrecen-a-sergio-ramos-al-barcelona","status":"publish","type":"post","link":"http:\/\/desarrollo.grupomedios.com\/futbol\/futbol-internacional\/ofrecen-a-sergio-ramos-al-barcelona\/2015\/06","title":{"rendered":"Ofrecen a Sergio Ramos al Barcelona"},"content":{"rendered":"<p><strong>Jordi Maj\u00f3<\/strong>, candidato a la presidencia del <strong>Barcelona<\/strong>, confes\u00f3 que le han ofrecido la posibilidad de fichar a <strong>Sergio Ramos<\/strong>, jugador emblem\u00e1tico del <strong>Real Madrid<\/strong>, para que lo utilice como carta fuerte en su campa\u00f1a electoral.<\/p>\n<p>Sin embargo, <strong>Maj\u00f3<\/strong> dej\u00f3 en claro que rechaz\u00f3 la peculiar propuesta.<\/p>\n<p>\u201cA <strong>Sergio Ramos<\/strong> me lo han ofrecido como baza electoral, pero no voy a entrar en este juego con \u00e9l o su hermano para subir su cach\u00e9. No he hablado con su hermano sino con un intermediario&#8221;, declar\u00f3 el candidato a la presidencia del <strong>Barcelona<\/strong>.<\/p>\n<p>Sobre el ut\u00f3pico\u00a0arribo\u00a0de <strong>Sergio Ramos<\/strong> al <strong>Barcelona<\/strong>, <strong>Jordi Maj\u00f3<\/strong> considera que es probable que el\u00a0ofrecimiento que le hicieron le haya llegado tambi\u00e9n a otros candidatos y no descarta que alguno haya aceptado entrar al juego\u00a0en la carrera de\u00a0las\u00a0elecciones a la presidencia del <em>Bar\u00e7a<\/em>, las cual\u00a0se llevar\u00e1n a cabo el pr\u00f3ximo 18 de julio.<\/p>\n","protected":false},"excerpt":{"rendered":"<p>&#8220;Me lo han ofrecido como baza electoral&#8221;, dijo candidato a la presidencia del Bar\u00e7a<\/p>\n","protected":false},"author":20,"featured_media":287163,"comment_status":"open","ping_status":"open","sticky":false,"template":"","format":"standard","meta":[],"categories":[3839,3844],"tags":[5984,5988,6020],"_links":{"self":[{"href":"http:\/\/desarrollo.grupomedios.com\/futbol\/wp-json\/wp\/v2\/posts\/287162"}],"collection":[{"href":"http:\/\/desarrollo.grupomedios.com\/futbol\/wp-json\/wp\/v2\/posts"}],"about":[{"href":"http:\/\/desarrollo.grupomedios.com\/futbol\/wp-json\/wp\/v2\/types\/post"}],"author":[{"embeddable":true,"href":"http:\/\/desarrollo.grupomedios.com\/futbol\/wp-json\/wp\/v2\/users\/20"}],"replies":[{"embeddable":true,"href":"http:\/\/desarrollo.grupomedios.com\/futbol\/wp-json\/wp\/v2\/comments?post=287162"}],"version-history":[{"count":0,"href":"http:\/\/desarrollo.grupomedios.com\/futbol\/wp-json\/wp\/v2\/posts\/287162\/revisions"}],"wp:featuredmedia":[{"embeddable":true,"href":"http:\/\/desarrollo.grupomedios.com\/futbol\/wp-json\/wp\/v2\/media\/287163"}],"wp:attachment":[{"href":"http:\/\/desarrollo.grupomedios.com\/futbol\/wp-json\/wp\/v2\/media?parent=287162"}],"wp:term":[{"taxonomy":"category","embeddable":true,"href":"http:\/\/desarrollo.grupomedios.com\/futbol\/wp-json\/wp\/v2\/categories?post=287162"},{"taxonomy":"post_tag","embeddable":true,"href":"http:\/\/desarrollo.grupomedios.com\/futbol\/wp-json\/wp\/v2\/tags?post=287162"}],"curies":[{"name":"wp","href":"https:\/\/api.w.org\/{rel}","templated":true}]}}