{"id":287177,"date":"2015-06-19T11:50:30","date_gmt":"2015-06-19T16:50:30","guid":{"rendered":"http:\/\/futboltotal.com.mx\/?p=287177"},"modified":"2015-06-19T19:42:09","modified_gmt":"2015-06-20T00:42:09","slug":"tecatito-y-guemez-en-la-mira-del-manchester-city","status":"publish","type":"post","link":"http:\/\/desarrollo.grupomedios.com\/futbol\/destacado-home\/tecatito-y-guemez-en-la-mira-del-manchester-city\/2015\/06","title":{"rendered":"Tecatito y G\u00fcemez, en la mira del Manchester City"},"content":{"rendered":"<p>El <strong>Manchester City<\/strong> tiene en la mira a los mexicanos <strong>Tecatito Corona<\/strong> y <strong>Javier G\u00fcemez<\/strong>. En ese contexto, se destaca que Manuel Pellegrini, t\u00e9cnico de los <em>Ciudadanos<\/em>, sigue el desempe\u00f1o de varios jugadores durante la <strong>Copa Am\u00e9rica<\/strong>, entre los que destacan los dos jugadores de la <strong>Selecci\u00f3n Mexicana<\/strong>.<\/p>\n<p>Seg\u00fan informan medios ingleses, Pellegrini asisti\u00f3 al partido de Chile contra <strong>M\u00e9xico<\/strong>, y tras observar a ciertos jugadores que puedan encajar en el sistema de juego del equipo, realiz\u00f3 una lista de posibles refuerzos para la temporada 2015-16, la cual estar\u00eda integrada por <strong>Jes\u00fas Corona<\/strong> y <strong>Javier G\u00fcemez<\/strong>.<\/p>\n<p>Adem\u00e1s, el peri\u00f3dico <em>Manchester Evening News<\/em> agrega que los chilenos Arturo Vidal y Charles Ar\u00e1nguiz, as\u00ed como el paraguayo Derlis Gonzalez,\u00a0tambi\u00e9n estar\u00edan contemplados como posibles opciones para\u00a0arribar al <strong>Manchester City<\/strong> la pr\u00f3xima temporada.<\/p>\n<p>Sobre el par de mexicanos, en la \u00faltima semana se inform\u00f3\u00a0que el\u00a0<strong>Tecatito Corona<\/strong>, actual jugador del Twente,\u00a0<a href=\"http:\/\/futboltotal.com.mx\/2015\/06\/tecatito-corona-pide-salario-millonario-al-psv\/\">ha pedido\u00a01.5 millones de euros de salario anual al PSV<\/a>, el cuadro holand\u00e9s que ha mostrado puntual inter\u00e9s por el volante ofensivo <em>azteca<\/em>; en tanto, <strong>Javier G\u00fcemez<\/strong> fue recientemente fue\u00a0<a href=\"http:\/\/futboltotal.com.mx\/2015\/06\/javier-guemez-nuevo-refuerzo-de-america\/\">contratado por las <em>\u00c1guilas<\/em> del Am\u00e9rica<\/a>.<\/p>\n","protected":false},"excerpt":{"rendered":"<p>Pellegrini sigue de cerca el desempe\u00f1o de los jugadores mexicanos<\/p>\n","protected":false},"author":20,"featured_media":287178,"comment_status":"open","ping_status":"open","sticky":false,"template":"","format":"standard","meta":[],"categories":[5,3839,3846,3847],"tags":[5571,6045],"_links":{"self":[{"href":"http:\/\/desarrollo.grupomedios.com\/futbol\/wp-json\/wp\/v2\/posts\/287177"}],"collection":[{"href":"http:\/\/desarrollo.grupomedios.com\/futbol\/wp-json\/wp\/v2\/posts"}],"about":[{"href":"http:\/\/desarrollo.grupomedios.com\/futbol\/wp-json\/wp\/v2\/types\/post"}],"author":[{"embeddable":true,"href":"http:\/\/desarrollo.grupomedios.com\/futbol\/wp-json\/wp\/v2\/users\/20"}],"replies":[{"embeddable":true,"href":"http:\/\/desarrollo.grupomedios.com\/futbol\/wp-json\/wp\/v2\/comments?post=287177"}],"version-history":[{"count":0,"href":"http:\/\/desarrollo.grupomedios.com\/futbol\/wp-json\/wp\/v2\/posts\/287177\/revisions"}],"wp:featuredmedia":[{"embeddable":true,"href":"http:\/\/desarrollo.grupomedios.com\/futbol\/wp-json\/wp\/v2\/media\/287178"}],"wp:attachment":[{"href":"http:\/\/desarrollo.grupomedios.com\/futbol\/wp-json\/wp\/v2\/media?parent=287177"}],"wp:term":[{"taxonomy":"category","embeddable":true,"href":"http:\/\/desarrollo.grupomedios.com\/futbol\/wp-json\/wp\/v2\/categories?post=287177"},{"taxonomy":"post_tag","embeddable":true,"href":"http:\/\/desarrollo.grupomedios.com\/futbol\/wp-json\/wp\/v2\/tags?post=287177"}],"curies":[{"name":"wp","href":"https:\/\/api.w.org\/{rel}","templated":true}]}}