{"id":287201,"date":"2015-06-19T13:58:55","date_gmt":"2015-06-19T18:58:55","guid":{"rendered":"http:\/\/futboltotal.com.mx\/?p=287201"},"modified":"2015-06-19T13:59:28","modified_gmt":"2015-06-19T18:59:28","slug":"jugadoras-danesas-repiten-sexy-festejo","status":"publish","type":"post","link":"http:\/\/desarrollo.grupomedios.com\/futbol\/cambio-de-juego\/jugadoras-danesas-repiten-sexy-festejo\/2015\/06","title":{"rendered":"Jugadoras danesas repiten sexy festejo"},"content":{"rendered":"<p>Las jugadoras del club dan\u00e9s <strong>Brondby<\/strong> lo volvieron a hacer. La capitana del equipo, <strong>Theresa Nielsean<\/strong>, public\u00f3 una nueva imagen en su cuenta de <em>Instagram<\/em> que volvi\u00f3 a causar revuelo.<\/p>\n<p>El a\u00f1o pasado, tras ganar la <em>Champions League<\/em> Femenina, <a href=\"http:\/\/futboltotal.com.mx\/2014\/11\/inusual-festejo-de-club-femenil\/\"><strong>Theresa Nielsean<\/strong> public\u00f3 una sexy fotograf\u00eda del festejo con sus compa\u00f1eras<\/a>. Ahora, luego de conquistar un nuevo t\u00edtulo, volvi\u00f3 a subir una imagen, aunque en esta oportunidad el peculiar festejo subi\u00f3 de tono.<\/p>\n<p><a href=\"http:\/\/futboltotal.com.mx\/wp-content\/uploads\/2015\/06\/foto_polemico_festejo_dinamarca.jpg\"><img decoding=\"async\" loading=\"lazy\" class=\"aligncenter size-full wp-image-287202\" src=\"http:\/\/futboltotal.com.mx\/wp-content\/uploads\/2015\/06\/foto_polemico_festejo_dinamarca.jpg\" alt=\"foto_polemico_festejo_dinamarca\" srcset=\"http:\/\/desarrollo.grupomedios.com\/futbol\/wp-content\/uploads\/2015\/06\/foto_polemico_festejo_dinamarca.jpg 600w, http:\/\/desarrollo.grupomedios.com\/futbol\/wp-content\/uploads\/2015\/06\/foto_polemico_festejo_dinamarca-261x300.jpg 261w\" sizes=\"(max-width: 600px) 100vw, 600px\" \/><\/a><\/p>\n<p>Tras el esc\u00e1ndalo que provoc\u00f3 la publicaci\u00f3n de la capitana del <strong>Brondby<\/strong> en Dinamarca, <strong>Theresa Nielsean<\/strong> se vio\u00a0obligada a borrar las im\u00e1genes de su <em>Instagram<\/em>. Sin embargo, las capturas realizadas no han impedido que el mundo entero haya visto la divertida y sensual celebraci\u00f3n.<\/p>\n<p>Ustedes qu\u00e9 opinan,\u00a0<em>cracks<\/em>, \u00bfles parece pol\u00e9mica\u00a0la celebraci\u00f3n?<\/p>\n","protected":false},"excerpt":{"rendered":"<p>Las nuevas im\u00e1genes provocan esc\u00e1ndalo en Dinamarca<\/p>\n","protected":false},"author":20,"featured_media":287203,"comment_status":"open","ping_status":"open","sticky":false,"template":"","format":"standard","meta":[],"categories":[5419],"tags":[5574,3117],"_links":{"self":[{"href":"http:\/\/desarrollo.grupomedios.com\/futbol\/wp-json\/wp\/v2\/posts\/287201"}],"collection":[{"href":"http:\/\/desarrollo.grupomedios.com\/futbol\/wp-json\/wp\/v2\/posts"}],"about":[{"href":"http:\/\/desarrollo.grupomedios.com\/futbol\/wp-json\/wp\/v2\/types\/post"}],"author":[{"embeddable":true,"href":"http:\/\/desarrollo.grupomedios.com\/futbol\/wp-json\/wp\/v2\/users\/20"}],"replies":[{"embeddable":true,"href":"http:\/\/desarrollo.grupomedios.com\/futbol\/wp-json\/wp\/v2\/comments?post=287201"}],"version-history":[{"count":0,"href":"http:\/\/desarrollo.grupomedios.com\/futbol\/wp-json\/wp\/v2\/posts\/287201\/revisions"}],"wp:featuredmedia":[{"embeddable":true,"href":"http:\/\/desarrollo.grupomedios.com\/futbol\/wp-json\/wp\/v2\/media\/287203"}],"wp:attachment":[{"href":"http:\/\/desarrollo.grupomedios.com\/futbol\/wp-json\/wp\/v2\/media?parent=287201"}],"wp:term":[{"taxonomy":"category","embeddable":true,"href":"http:\/\/desarrollo.grupomedios.com\/futbol\/wp-json\/wp\/v2\/categories?post=287201"},{"taxonomy":"post_tag","embeddable":true,"href":"http:\/\/desarrollo.grupomedios.com\/futbol\/wp-json\/wp\/v2\/tags?post=287201"}],"curies":[{"name":"wp","href":"https:\/\/api.w.org\/{rel}","templated":true}]}}