{"id":287209,"date":"2015-06-19T14:45:01","date_gmt":"2015-06-19T19:45:01","guid":{"rendered":"http:\/\/futboltotal.com.mx\/?p=287209"},"modified":"2015-06-19T14:45:01","modified_gmt":"2015-06-19T19:45:01","slug":"uche-se-perdera-inicio-de-pretemporada-de-tigres","status":"publish","type":"post","link":"http:\/\/desarrollo.grupomedios.com\/futbol\/futbol-mexicano\/uche-se-perdera-inicio-de-pretemporada-de-tigres\/2015\/06","title":{"rendered":"Uche se perder\u00e1 inicio de pretemporada de Tigres"},"content":{"rendered":"<p>El nigeriano <strong>Ikechukwu Uche<\/strong> comenz\u00f3 su traves\u00eda en <a href=\"http:\/\/www.futboltotal.com.mx\/equipos\/tigres\/\" target=\"_blank\"><strong>Tigres<\/strong><\/a> con el pie izquierdo pues el delantero se perder\u00e1 el inicio de la pretemporada consecuencia de una lesi\u00f3n en la rodilla.<\/p>\n<p>Este viernes, el ex artillero del Villarreal arrib\u00f3 a tierras regias para presentar sus ex\u00e1menes m\u00e9dicos, en los cuales se descubri\u00f3 que su rehabilitaci\u00f3n demorar\u00e1 10 d\u00edas.<\/p>\n<p>\u201c<strong>Uche<\/strong> continuar\u00e1 con su proceso de rehabilitaci\u00f3n de la rodilla izquierda, y se incorporar\u00e1 al trabajo grupal en un lapso de siete a diez d\u00edas\u201d, inform\u00f3 <strong>Tigres<\/strong> por medio de <em>Twitter<\/em>.<\/p>\n<p>Sin embargo, el atacante nigeriano realizar\u00e1 el viaje a la Rivera Maya, para integrarse al resto del plantel <em>felino<\/em> que se prepara para encarar el Apertura 2015.<\/p>\n","protected":false},"excerpt":{"rendered":"<p>El nigeriano lleg\u00f3 con una lesi\u00f3n en la rodilla<\/p>\n","protected":false},"author":20,"featured_media":287210,"comment_status":"open","ping_status":"open","sticky":false,"template":"","format":"standard","meta":[],"categories":[2198,3845],"tags":[5575,5973],"_links":{"self":[{"href":"http:\/\/desarrollo.grupomedios.com\/futbol\/wp-json\/wp\/v2\/posts\/287209"}],"collection":[{"href":"http:\/\/desarrollo.grupomedios.com\/futbol\/wp-json\/wp\/v2\/posts"}],"about":[{"href":"http:\/\/desarrollo.grupomedios.com\/futbol\/wp-json\/wp\/v2\/types\/post"}],"author":[{"embeddable":true,"href":"http:\/\/desarrollo.grupomedios.com\/futbol\/wp-json\/wp\/v2\/users\/20"}],"replies":[{"embeddable":true,"href":"http:\/\/desarrollo.grupomedios.com\/futbol\/wp-json\/wp\/v2\/comments?post=287209"}],"version-history":[{"count":0,"href":"http:\/\/desarrollo.grupomedios.com\/futbol\/wp-json\/wp\/v2\/posts\/287209\/revisions"}],"wp:featuredmedia":[{"embeddable":true,"href":"http:\/\/desarrollo.grupomedios.com\/futbol\/wp-json\/wp\/v2\/media\/287210"}],"wp:attachment":[{"href":"http:\/\/desarrollo.grupomedios.com\/futbol\/wp-json\/wp\/v2\/media?parent=287209"}],"wp:term":[{"taxonomy":"category","embeddable":true,"href":"http:\/\/desarrollo.grupomedios.com\/futbol\/wp-json\/wp\/v2\/categories?post=287209"},{"taxonomy":"post_tag","embeddable":true,"href":"http:\/\/desarrollo.grupomedios.com\/futbol\/wp-json\/wp\/v2\/tags?post=287209"}],"curies":[{"name":"wp","href":"https:\/\/api.w.org\/{rel}","templated":true}]}}