{"id":287313,"date":"2015-06-19T19:09:47","date_gmt":"2015-06-20T00:09:47","guid":{"rendered":"http:\/\/futboltotal.com.mx\/?p=287313"},"modified":"2015-06-19T19:41:08","modified_gmt":"2015-06-20T00:41:08","slug":"efrain-juarez-arremete-contra-miguel-herrera","status":"publish","type":"post","link":"http:\/\/desarrollo.grupomedios.com\/futbol\/futbol-mexicano\/efrain-juarez-arremete-contra-miguel-herrera\/2015\/06","title":{"rendered":"Efra\u00edn Ju\u00e1rez arremete contra Miguel Herrera"},"content":{"rendered":"<p><strong>Efra\u00edn Ju\u00e1rez<\/strong>, jugador\u00a0de <em>Rayados<\/em> de Monterrey, volvi\u00f3 a criticar a <strong>Miguel Herrera<\/strong>, t\u00e9cnico de la <strong>Selecci\u00f3n Mexicana<\/strong>. Ahora,\u00a0tras el fracaso del <em>Tri<\/em>\u00a0en <strong>Copa Am\u00e9rica<\/strong>, el zaguero alude la eliminaci\u00f3n del cuadro <em>azteca<\/em> a la falta\u00a0concentraci\u00f3n del <em>Piojo<\/em>\u00a0en los compromisos netamente deportivos.<\/p>\n<p><strong>Efra\u00edn Ju\u00e1rez<\/strong> ya hab\u00eda criticado al entrenador <em>tricolor;<\/em>\u00a0la ocasi\u00f3n anterior se dio tras la publicaci\u00f3n del tuit proselitista del <em>Piojo<\/em> Herrera, situaci\u00f3n que <a href=\"http:\/\/futboltotal.com.mx\/2015\/06\/los-memes-de-miguel-herrera-y-el-partido-verde\/\" target=\"_blank\">enardeci\u00f3 al futbolista<\/a>\u00a0de <em>Ryados<\/em>, quien igual que ahora, public\u00f3 en Twitter su descontento.<\/p>\n<blockquote class=\"twitter-tweet\" lang=\"es\">\n<p dir=\"ltr\" lang=\"es\">Lo que pasa cuando eres el entrenador del verde.<\/p>\n<p>\u2014 Efra\u00edn Ju\u00e1rez (@efrajuarez) <a href=\"https:\/\/twitter.com\/efrajuarez\/status\/612042015828652032\">junio 19, 2015<\/a><\/p><\/blockquote>\n<p><script src=\"\/\/platform.twitter.com\/widgets.js\" async=\"\" charset=\"utf-8\"><\/script><\/p>\n","protected":false},"excerpt":{"rendered":"<p>El futbolista de Rayados volvi\u00f3 a criticar al DT en Twitter<\/p>\n","protected":false},"author":20,"featured_media":287323,"comment_status":"open","ping_status":"open","sticky":false,"template":"","format":"standard","meta":[],"categories":[2198,3845,3847],"tags":[2130,363,142,5578],"_links":{"self":[{"href":"http:\/\/desarrollo.grupomedios.com\/futbol\/wp-json\/wp\/v2\/posts\/287313"}],"collection":[{"href":"http:\/\/desarrollo.grupomedios.com\/futbol\/wp-json\/wp\/v2\/posts"}],"about":[{"href":"http:\/\/desarrollo.grupomedios.com\/futbol\/wp-json\/wp\/v2\/types\/post"}],"author":[{"embeddable":true,"href":"http:\/\/desarrollo.grupomedios.com\/futbol\/wp-json\/wp\/v2\/users\/20"}],"replies":[{"embeddable":true,"href":"http:\/\/desarrollo.grupomedios.com\/futbol\/wp-json\/wp\/v2\/comments?post=287313"}],"version-history":[{"count":0,"href":"http:\/\/desarrollo.grupomedios.com\/futbol\/wp-json\/wp\/v2\/posts\/287313\/revisions"}],"wp:featuredmedia":[{"embeddable":true,"href":"http:\/\/desarrollo.grupomedios.com\/futbol\/wp-json\/wp\/v2\/media\/287323"}],"wp:attachment":[{"href":"http:\/\/desarrollo.grupomedios.com\/futbol\/wp-json\/wp\/v2\/media?parent=287313"}],"wp:term":[{"taxonomy":"category","embeddable":true,"href":"http:\/\/desarrollo.grupomedios.com\/futbol\/wp-json\/wp\/v2\/categories?post=287313"},{"taxonomy":"post_tag","embeddable":true,"href":"http:\/\/desarrollo.grupomedios.com\/futbol\/wp-json\/wp\/v2\/tags?post=287313"}],"curies":[{"name":"wp","href":"https:\/\/api.w.org\/{rel}","templated":true}]}}