{"id":287328,"date":"2015-06-19T19:34:16","date_gmt":"2015-06-20T00:34:16","guid":{"rendered":"http:\/\/futboltotal.com.mx\/?p=287328"},"modified":"2015-06-19T19:34:16","modified_gmt":"2015-06-20T00:34:16","slug":"charlyn-desconoce-si-seguira-en-el-tri-femenil","status":"publish","type":"post","link":"http:\/\/desarrollo.grupomedios.com\/futbol\/futbol-mexicano\/charlyn-desconoce-si-seguira-en-el-tri-femenil\/2015\/06","title":{"rendered":"Charlyn desconoce si seguir\u00e1 en el Tri Femenil"},"content":{"rendered":"<p>Tras la eliminaci\u00f3n de <strong>M\u00e9xico<\/strong> del <strong>Mundial Femenil<\/strong>, <strong>Charlyn Corral<\/strong> pidi\u00f3 cambios al interior del <em>Tri<\/em> -donde est\u00e1 impl\u00edcita la salida del t\u00e9cnico Leonardo Cu\u00e9llar-, lo que en primera instancia le hab\u00eda costado quedar fuera de los <strong>Juegos Panamericanos<\/strong>, <a href=\"http:\/\/futboltotal.com.mx\/2015\/06\/charlyn-corral-cortada-de-los-juegos-panamericanos\/\">seg\u00fan declar\u00f3 la propia delantera <em>tricolor <\/em>la ma\u00f1ana de este viernes<\/a>.<\/p>\n<p>Sin embargo, horas despu\u00e9s, a trav\u00e9s de una carta publicada en su cuenta de<em> Twitter<\/em>, <strong>Corral<\/strong> cambio su postura y reconoci\u00f3 que desconoce si ser\u00e1 parte del combinado nacional que participar\u00e1 en los <strong>Panamericanos<\/strong>.<\/p>\n<p>No obstante, a pesar de la pol\u00e9mica que generaron sus primeros comentarios, <strong>Charlyn Corral<\/strong> mantuvo su postura en cuanto a lo que observa dentro\u00a0de la <strong>Selecci\u00f3n Mexicana<\/strong> y sentenci\u00f3 que siempre actuar\u00e1 \u201cen beneficio del crecimiento del futbol femenil en M\u00e9xico\u201d.<\/p>\n<p><a href=\"http:\/\/futboltotal.com.mx\/wp-content\/uploads\/2015\/06\/carta_charlyn_corral.jpg\"><img decoding=\"async\" loading=\"lazy\" class=\"aligncenter size-full wp-image-287329\" src=\"http:\/\/futboltotal.com.mx\/wp-content\/uploads\/2015\/06\/carta_charlyn_corral.jpg\" alt=\"carta_charlyn_corral\" srcset=\"http:\/\/desarrollo.grupomedios.com\/futbol\/wp-content\/uploads\/2015\/06\/carta_charlyn_corral.jpg 450w, http:\/\/desarrollo.grupomedios.com\/futbol\/wp-content\/uploads\/2015\/06\/carta_charlyn_corral-236x300.jpg 236w\" sizes=\"(max-width: 450px) 100vw, 450px\" \/><\/a><\/p>\n<p><a href=\"http:\/\/futboltotal.com.mx\/2015\/06\/charlyn-corral-cortada-de-los-juegos-panamericanos\/\">Charlyn Corral, cortada de los Juegos Panamericanos<\/a>.<\/p>\n<p><a href=\"http:\/\/futboltotal.com.mx\/2015\/06\/inarritu-niega-baja-de-charlyn-corral\/\">I\u00f1\u00e1rritu niega baja de Charlyn Corral<\/a>.<\/p>\n","protected":false},"excerpt":{"rendered":"<p>La delantera no sabe si asistir\u00e1 a los Juegos Panamericanos<\/p>\n","protected":false},"author":20,"featured_media":287331,"comment_status":"open","ping_status":"open","sticky":false,"template":"","format":"standard","meta":[],"categories":[2198,3847],"tags":[4008],"_links":{"self":[{"href":"http:\/\/desarrollo.grupomedios.com\/futbol\/wp-json\/wp\/v2\/posts\/287328"}],"collection":[{"href":"http:\/\/desarrollo.grupomedios.com\/futbol\/wp-json\/wp\/v2\/posts"}],"about":[{"href":"http:\/\/desarrollo.grupomedios.com\/futbol\/wp-json\/wp\/v2\/types\/post"}],"author":[{"embeddable":true,"href":"http:\/\/desarrollo.grupomedios.com\/futbol\/wp-json\/wp\/v2\/users\/20"}],"replies":[{"embeddable":true,"href":"http:\/\/desarrollo.grupomedios.com\/futbol\/wp-json\/wp\/v2\/comments?post=287328"}],"version-history":[{"count":0,"href":"http:\/\/desarrollo.grupomedios.com\/futbol\/wp-json\/wp\/v2\/posts\/287328\/revisions"}],"wp:featuredmedia":[{"embeddable":true,"href":"http:\/\/desarrollo.grupomedios.com\/futbol\/wp-json\/wp\/v2\/media\/287331"}],"wp:attachment":[{"href":"http:\/\/desarrollo.grupomedios.com\/futbol\/wp-json\/wp\/v2\/media?parent=287328"}],"wp:term":[{"taxonomy":"category","embeddable":true,"href":"http:\/\/desarrollo.grupomedios.com\/futbol\/wp-json\/wp\/v2\/categories?post=287328"},{"taxonomy":"post_tag","embeddable":true,"href":"http:\/\/desarrollo.grupomedios.com\/futbol\/wp-json\/wp\/v2\/tags?post=287328"}],"curies":[{"name":"wp","href":"https:\/\/api.w.org\/{rel}","templated":true}]}}