{"id":287394,"date":"2015-06-20T11:57:57","date_gmt":"2015-06-20T16:57:57","guid":{"rendered":"http:\/\/futboltotal.com.mx\/?p=287394"},"modified":"2015-06-20T11:59:11","modified_gmt":"2015-06-20T16:59:11","slug":"juan-cazares-en-la-mira-de-santos","status":"publish","type":"post","link":"http:\/\/desarrollo.grupomedios.com\/futbol\/futbol-mexicano\/juan-cazares-en-la-mira-de-santos\/2015\/06","title":{"rendered":"Juan Cazares, \u00bfen la mira de Santos?"},"content":{"rendered":"<p><strong><a href=\"http:\/\/futboltotal.com.mx\/equipos\/santos\/\" target=\"_blank\">Santos<\/a><\/strong>, actual Campe\u00f3n del futbol mexicano, busca refuerzos de cara al Apertura 2015 de la <strong><a href=\"http:\/\/futboltotal.com.mx\/futbol-mexicano\/liga-mx\/\" target=\"_blank\">Liga MX.<\/a><\/strong> Por tal motivo, reportes desde Sudam\u00e9rica afirman que pretende los servicios del mediocampista<strong> Juan Cazares.<\/strong><\/p>\n<p>El elemento de 23 a\u00f1os participa con Ecuador en esta Copa Am\u00e9rica, incluso jug\u00f3 12 minutos en el triunfo de 2-1 sobre M\u00e9xico.<\/p>\n<p>Seg\u00fan indican medios ecuatorianos, Santos ya se habr\u00eda acercado al Banfield para iniciar la negociaci\u00f3n por<strong> Juan Cazares<\/strong>, aunque todo se arreglar\u00eda al termino de Chile 2015.<\/p>\n<p><strong>Juan Cazares<\/strong> ha jugado en: Barcelona Sporting Club, Independiente, River Plate y Banfield, club donde acumula ocho goles en los \u00faltimos tres a\u00f1os.<\/p>\n","protected":false},"excerpt":{"rendered":"<p>El mediocampista de Ecuador participa en la Copa Am\u00e9rica <\/p>\n","protected":false},"author":20,"featured_media":287397,"comment_status":"open","ping_status":"open","sticky":false,"template":"","format":"standard","meta":[],"categories":[2198,3845],"tags":[708,5972],"_links":{"self":[{"href":"http:\/\/desarrollo.grupomedios.com\/futbol\/wp-json\/wp\/v2\/posts\/287394"}],"collection":[{"href":"http:\/\/desarrollo.grupomedios.com\/futbol\/wp-json\/wp\/v2\/posts"}],"about":[{"href":"http:\/\/desarrollo.grupomedios.com\/futbol\/wp-json\/wp\/v2\/types\/post"}],"author":[{"embeddable":true,"href":"http:\/\/desarrollo.grupomedios.com\/futbol\/wp-json\/wp\/v2\/users\/20"}],"replies":[{"embeddable":true,"href":"http:\/\/desarrollo.grupomedios.com\/futbol\/wp-json\/wp\/v2\/comments?post=287394"}],"version-history":[{"count":0,"href":"http:\/\/desarrollo.grupomedios.com\/futbol\/wp-json\/wp\/v2\/posts\/287394\/revisions"}],"wp:featuredmedia":[{"embeddable":true,"href":"http:\/\/desarrollo.grupomedios.com\/futbol\/wp-json\/wp\/v2\/media\/287397"}],"wp:attachment":[{"href":"http:\/\/desarrollo.grupomedios.com\/futbol\/wp-json\/wp\/v2\/media?parent=287394"}],"wp:term":[{"taxonomy":"category","embeddable":true,"href":"http:\/\/desarrollo.grupomedios.com\/futbol\/wp-json\/wp\/v2\/categories?post=287394"},{"taxonomy":"post_tag","embeddable":true,"href":"http:\/\/desarrollo.grupomedios.com\/futbol\/wp-json\/wp\/v2\/tags?post=287394"}],"curies":[{"name":"wp","href":"https:\/\/api.w.org\/{rel}","templated":true}]}}