{"id":287411,"date":"2015-06-20T13:15:20","date_gmt":"2015-06-20T18:15:20","guid":{"rendered":"http:\/\/futboltotal.com.mx\/?p=287411"},"modified":"2015-06-20T13:15:20","modified_gmt":"2015-06-20T18:15:20","slug":"jackson-martinez-se-le-adelanta-a-chicharito","status":"publish","type":"post","link":"http:\/\/desarrollo.grupomedios.com\/futbol\/futbol-internacional\/jackson-martinez-se-le-adelanta-a-chicharito\/2015\/06","title":{"rendered":"Jackson Mart\u00ednez, \u00bfse le adelanta a Chicharito?"},"content":{"rendered":"<p>El futbolista colombiano, <strong>Jackson Mart\u00ednez<\/strong> est\u00e1 en la mira del cuadro del <strong>Atl\u00e9tico de Madrid.<\/strong> De acuerdo al medio portugu\u00e9s <em>A bola<\/em>, el conjunto<em> colchonero<\/em> est\u00e1 dispuesto a pagar la cl\u00e1usula de rescisi\u00f3n de 35 millones de euros del futbolista. Con la llegada de este delantero, el fichaje de <strong>Chicharito<\/strong> Hern\u00e1ndez se complica.<\/p>\n<p>A pesar de que hace unos d\u00edas <strong>Pinto costa<\/strong>, presidente de los<em> Dragones<\/em>, inform\u00f3 para Porto Tv que el traspaso de Mart\u00ednez al conjunto de <strong>Mil\u00e1n<\/strong> estaba concretado, el rumor de que llegue al equipo madrile\u00f1o suena con fuerza.<\/p>\n<p>Jackson estar\u00eda dispuesto a emigrar al f\u00fatbol espa\u00f1ol con el objetivo de pertenecer a un club que tenga presencia en la Liga de Campeones. El conjunto <em>Rossoneri <\/em>se complica la opci\u00f3n de compra por no ofrecerle esta competencia.<\/p>\n<p>Ante esta situaci\u00f3n, los rumores de la prensa inglesa y espa\u00f1ola que colocaban a Chicharito Hern\u00e1ndez como sustituto de \u00a0Mario Mandzukic nublan el panorama del mexicano.<\/p>\n","protected":false},"excerpt":{"rendered":"<p>En Portugal afirman que jugar\u00e1 con los Colchoneros<\/p>\n","protected":false},"author":20,"featured_media":287415,"comment_status":"open","ping_status":"open","sticky":false,"template":"","format":"standard","meta":[],"categories":[3839,3844],"tags":[6007,6039],"_links":{"self":[{"href":"http:\/\/desarrollo.grupomedios.com\/futbol\/wp-json\/wp\/v2\/posts\/287411"}],"collection":[{"href":"http:\/\/desarrollo.grupomedios.com\/futbol\/wp-json\/wp\/v2\/posts"}],"about":[{"href":"http:\/\/desarrollo.grupomedios.com\/futbol\/wp-json\/wp\/v2\/types\/post"}],"author":[{"embeddable":true,"href":"http:\/\/desarrollo.grupomedios.com\/futbol\/wp-json\/wp\/v2\/users\/20"}],"replies":[{"embeddable":true,"href":"http:\/\/desarrollo.grupomedios.com\/futbol\/wp-json\/wp\/v2\/comments?post=287411"}],"version-history":[{"count":0,"href":"http:\/\/desarrollo.grupomedios.com\/futbol\/wp-json\/wp\/v2\/posts\/287411\/revisions"}],"wp:featuredmedia":[{"embeddable":true,"href":"http:\/\/desarrollo.grupomedios.com\/futbol\/wp-json\/wp\/v2\/media\/287415"}],"wp:attachment":[{"href":"http:\/\/desarrollo.grupomedios.com\/futbol\/wp-json\/wp\/v2\/media?parent=287411"}],"wp:term":[{"taxonomy":"category","embeddable":true,"href":"http:\/\/desarrollo.grupomedios.com\/futbol\/wp-json\/wp\/v2\/categories?post=287411"},{"taxonomy":"post_tag","embeddable":true,"href":"http:\/\/desarrollo.grupomedios.com\/futbol\/wp-json\/wp\/v2\/tags?post=287411"}],"curies":[{"name":"wp","href":"https:\/\/api.w.org\/{rel}","templated":true}]}}