{"id":287419,"date":"2015-06-20T14:00:58","date_gmt":"2015-06-20T19:00:58","guid":{"rendered":"http:\/\/futboltotal.com.mx\/?p=287419"},"modified":"2015-06-20T14:00:58","modified_gmt":"2015-06-20T19:00:58","slug":"dunga-critica-sancion-de-neymar","status":"publish","type":"post","link":"http:\/\/desarrollo.grupomedios.com\/futbol\/futbol-internacional\/dunga-critica-sancion-de-neymar\/2015\/06","title":{"rendered":"Dunga critica sanci\u00f3n de Neymar"},"content":{"rendered":"<p>El estratega de la selecci\u00f3n brasile\u00f1a,<strong> Dunga<\/strong>, critic\u00f3 en rueda de prensa la sanci\u00f3n impuesta por <strong>Conmebol<\/strong> al artillero <strong>Neymar<\/strong>.<\/p>\n<p>El t\u00e9cnico de la\u00a0<em>canarinha,<\/em> mencion\u00f3 que los \u00e1rbitros deber\u00edan enfocarse m\u00e1s en proteger a las estrellas de las selecciones por el n\u00famero de faltas que reciben durante un partido.<\/p>\n<p>\u201cAs\u00ed como Alexis S\u00e1nchez, Messi, Di Mar\u00eda&#8230;necesitan ser protegidos de tantas faltas. Existe una rueda de los rivales para hacerles las faltas&#8221; Destac\u00f3 Carlos Caetano en la conferencia.<\/p>\n<p><strong>Dunga<\/strong><em>\u00a0<\/em>se mantuvo en su postura en contra del castigo a <strong>Neymar<\/strong>, \u00a0agreg\u00f3 que si cada uno que comete un error es juzgado de esa forma, seguramente ning\u00fan futbolista o t\u00e9cnico estar\u00eda ah\u00ed.<\/p>\n<p>\u201cSi cada uno de nosotros que comete un error tiene que ser excluido del grupo, ninguno estar\u00eda aqu\u00ed. Estamos aqu\u00ed para hacer los jugadores crecer\u201d, concluy\u00f3.<\/p>\n","protected":false},"excerpt":{"rendered":"<p>&#8220;Los \u00e1rbitros deber\u00edan enfocarse m\u00e1s en proteger a las estrellas de las selecciones &#8220;<\/p>\n","protected":false},"author":20,"featured_media":287421,"comment_status":"open","ping_status":"open","sticky":false,"template":"","format":"standard","meta":[],"categories":[5516,3839,3844],"tags":[5582,6001],"_links":{"self":[{"href":"http:\/\/desarrollo.grupomedios.com\/futbol\/wp-json\/wp\/v2\/posts\/287419"}],"collection":[{"href":"http:\/\/desarrollo.grupomedios.com\/futbol\/wp-json\/wp\/v2\/posts"}],"about":[{"href":"http:\/\/desarrollo.grupomedios.com\/futbol\/wp-json\/wp\/v2\/types\/post"}],"author":[{"embeddable":true,"href":"http:\/\/desarrollo.grupomedios.com\/futbol\/wp-json\/wp\/v2\/users\/20"}],"replies":[{"embeddable":true,"href":"http:\/\/desarrollo.grupomedios.com\/futbol\/wp-json\/wp\/v2\/comments?post=287419"}],"version-history":[{"count":0,"href":"http:\/\/desarrollo.grupomedios.com\/futbol\/wp-json\/wp\/v2\/posts\/287419\/revisions"}],"wp:featuredmedia":[{"embeddable":true,"href":"http:\/\/desarrollo.grupomedios.com\/futbol\/wp-json\/wp\/v2\/media\/287421"}],"wp:attachment":[{"href":"http:\/\/desarrollo.grupomedios.com\/futbol\/wp-json\/wp\/v2\/media?parent=287419"}],"wp:term":[{"taxonomy":"category","embeddable":true,"href":"http:\/\/desarrollo.grupomedios.com\/futbol\/wp-json\/wp\/v2\/categories?post=287419"},{"taxonomy":"post_tag","embeddable":true,"href":"http:\/\/desarrollo.grupomedios.com\/futbol\/wp-json\/wp\/v2\/tags?post=287419"}],"curies":[{"name":"wp","href":"https:\/\/api.w.org\/{rel}","templated":true}]}}