{"id":287504,"date":"2015-06-20T18:22:46","date_gmt":"2015-06-20T23:22:46","guid":{"rendered":"http:\/\/futboltotal.com.mx\/?p=287504"},"modified":"2015-06-20T18:25:10","modified_gmt":"2015-06-20T23:25:10","slug":"pachuca-niega-pago-a-jurgen-damm","status":"publish","type":"post","link":"http:\/\/desarrollo.grupomedios.com\/futbol\/futbol-mexicano\/pachuca-niega-pago-a-jurgen-damm\/2015\/06","title":{"rendered":"\u00bfPachuca niega pago a Jurgen Damm?"},"content":{"rendered":"<p><b>Jurgen Damm<\/b> fue adquirido por <b>Tigres<\/b> en el pasado Draft de la <b>Liga MX<\/b>. En ese contexto, trascendi\u00f3 que la venta alcanz\u00f3 los 8 millones de d\u00f3lares, por lo que el jugador -seg\u00fan las reglamentaciones- debe recibir el 10 por ciento del traspaso (cerca de 10 millones de pesos). Sin embargo, se especula que <b>Pachuca <\/b>tiene en mente pagarle \u00fanicamente 1.5 millones de pesos.<\/p>\n<p>Tal situaci\u00f3n ha impedido que <b>Jurgen Damm<\/b> firme contrato con <b>Tigres<\/b>, pese a haberse practicado ya los ex\u00e1menes m\u00e9dicos.\u00a0El mediocampista se encuentra en Monterrey desde el pasado lunes, incluso ya entren\u00f3 con el cuadro universitario; sin embargo, no ha podido plasmar su firma.<\/p>\n<p>Seg\u00fan apuntan medios nacionales, la directiva universitaria se deslind\u00f3 de la problem\u00e1tica, ya que quienes deben pagar son los <i>Tuzos<\/i>; adem\u00e1s, se destaca que el representante del jugador, Eduardo Hern\u00e1ndez,\u00a0se ha mantenido al margen\u00a0del tema, pues quiere evitar roces con la directiva de <b>Pachuca<\/b>.<\/p>\n<p><a href=\"http:\/\/futboltotal.com.mx\/2015\/06\/jurgen-dam-la-bomba-del-draft-2015\/\"><strong>Jurgen Damm, la bomba del Draft 2015<\/strong><\/a>.<\/p>\n","protected":false},"excerpt":{"rendered":"<p>El jugador espera el 10 por ciento de su fichaje a Tigres<\/p>\n","protected":false},"author":20,"featured_media":287507,"comment_status":"open","ping_status":"open","sticky":false,"template":"","format":"standard","meta":[],"categories":[2198,3845],"tags":[1916,5968],"_links":{"self":[{"href":"http:\/\/desarrollo.grupomedios.com\/futbol\/wp-json\/wp\/v2\/posts\/287504"}],"collection":[{"href":"http:\/\/desarrollo.grupomedios.com\/futbol\/wp-json\/wp\/v2\/posts"}],"about":[{"href":"http:\/\/desarrollo.grupomedios.com\/futbol\/wp-json\/wp\/v2\/types\/post"}],"author":[{"embeddable":true,"href":"http:\/\/desarrollo.grupomedios.com\/futbol\/wp-json\/wp\/v2\/users\/20"}],"replies":[{"embeddable":true,"href":"http:\/\/desarrollo.grupomedios.com\/futbol\/wp-json\/wp\/v2\/comments?post=287504"}],"version-history":[{"count":0,"href":"http:\/\/desarrollo.grupomedios.com\/futbol\/wp-json\/wp\/v2\/posts\/287504\/revisions"}],"wp:featuredmedia":[{"embeddable":true,"href":"http:\/\/desarrollo.grupomedios.com\/futbol\/wp-json\/wp\/v2\/media\/287507"}],"wp:attachment":[{"href":"http:\/\/desarrollo.grupomedios.com\/futbol\/wp-json\/wp\/v2\/media?parent=287504"}],"wp:term":[{"taxonomy":"category","embeddable":true,"href":"http:\/\/desarrollo.grupomedios.com\/futbol\/wp-json\/wp\/v2\/categories?post=287504"},{"taxonomy":"post_tag","embeddable":true,"href":"http:\/\/desarrollo.grupomedios.com\/futbol\/wp-json\/wp\/v2\/tags?post=287504"}],"curies":[{"name":"wp","href":"https:\/\/api.w.org\/{rel}","templated":true}]}}