{"id":287611,"date":"2015-06-21T10:07:32","date_gmt":"2015-06-21T15:07:32","guid":{"rendered":"http:\/\/futboltotal.com.mx\/?p=287611"},"modified":"2015-06-21T10:11:08","modified_gmt":"2015-06-21T15:11:08","slug":"el-nuevo-real-madrid-sin-iker-ramos-y-cristiano","status":"publish","type":"post","link":"http:\/\/desarrollo.grupomedios.com\/futbol\/destacado-home\/el-nuevo-real-madrid-sin-iker-ramos-y-cristiano\/2015\/06","title":{"rendered":"El nuevo Real Madrid, \u00bfsin Iker, Ramos y Cristiano?"},"content":{"rendered":"<p>La nueva etapa del <strong>Real Madrid<\/strong> podr\u00eda sufrir con cambios inesperados. Las luchas entre directiva y futbolistas, pesos pesados como: <strong>Iker Casillas<\/strong>, <strong>Sergio Ramos<\/strong> y <strong>Cristiano Ronaldo<\/strong> son el pan de cada d\u00eda, por lo que su permanencia para la pr\u00f3xima campa\u00f1a sigue como una inc\u00f3gnita, pero en lo que respecta a un giro del destino un tanto m\u00e1s inesperado, los tres podr\u00edan partir del seno <em>merengue<\/em>.<\/p>\n<p>En primera instancia, Cristiano Ronaldo no se siente lo suficientemente valorado y entiende que las burlas y la crisis de la temporada en blanco del Real Madrid no se centran en la entidad o en toda la plantilla sino en su persona. Como ejemplo, las frases que Piqu\u00e9 resalt\u00f3 tras la consecuci\u00f3n del triplete del Barcelona. &#8220;Gracias a Kevin Rold\u00e1n, contigo empez\u00f3 todo&#8221;, en clara alusi\u00f3n al crack portugu\u00e9s.<\/p>\n<p>Otro de los aspectos que han decepcionado un tanto a Cristiano Ronaldo de la directiva blanca es al trato tan normal que reciben emblemas como Iker Casillas y Sergio Ramos, a pesar de lo mucho que le han dado a la instituci\u00f3n.\u00a0No entiende la desprotecci\u00f3n que est\u00e1n sufriendo despu\u00e9s de 16 y 10 temporadas en el club, respectivamente. Y es que entiende que el club los est\u00e1 tratando solo en su funci\u00f3n monetaria y no va m\u00e1s all\u00e1 con un apego emocional, revel\u00f3 en d\u00edas pasados al <em>AS<\/em>.<\/p>\n<p>Las especulaciones surgen debido a las m\u00faltiples ofertas del PSG, que en su objetivo de dominar Europa con un proyecto billonario tienen en\u00a0Cristiano al que ser\u00eda la piedra angular de la treta. En el caso de Ramos, con las elecciones del Barcelona a la vuelta de la esquina, <a href=\"http:\/\/futboltotal.com.mx\/2015\/06\/ofrecen-a-sergio-ramos-al-barcelona\/\">son varias las fuentes que confirman al central de Camas como propuesta de campa\u00f1a<\/a> para adue\u00f1arse de las elecciones. Mientras que en la situaci\u00f3n de Iker Casillas, es quiz\u00e1s la m\u00e1s dolorosa en la relaci\u00f3n, pues luego de permanecer tras las disputas con Jose Mourinho, aguant\u00f3 la competencia con Keylor Navas pero ahora, el club busca la compra de David De Gea, <a href=\"http:\/\/futboltotal.com.mx\/2015\/06\/de-gea-exige-salida-de-iker-para-llegar-al-real-madrid\/\">quien ya ha puesto como exigencia a su llegada que Casillas no permanezca en el club<\/a>.<\/p>\n","protected":false},"excerpt":{"rendered":"<p>El efectivo tridente merengue podr\u00eda abandonar la instituci\u00f3n por motivos similares<\/p>\n","protected":false},"author":20,"featured_media":287625,"comment_status":"open","ping_status":"open","sticky":false,"template":"","format":"standard","meta":[],"categories":[5,3839],"tags":[1496,6019,6020],"_links":{"self":[{"href":"http:\/\/desarrollo.grupomedios.com\/futbol\/wp-json\/wp\/v2\/posts\/287611"}],"collection":[{"href":"http:\/\/desarrollo.grupomedios.com\/futbol\/wp-json\/wp\/v2\/posts"}],"about":[{"href":"http:\/\/desarrollo.grupomedios.com\/futbol\/wp-json\/wp\/v2\/types\/post"}],"author":[{"embeddable":true,"href":"http:\/\/desarrollo.grupomedios.com\/futbol\/wp-json\/wp\/v2\/users\/20"}],"replies":[{"embeddable":true,"href":"http:\/\/desarrollo.grupomedios.com\/futbol\/wp-json\/wp\/v2\/comments?post=287611"}],"version-history":[{"count":0,"href":"http:\/\/desarrollo.grupomedios.com\/futbol\/wp-json\/wp\/v2\/posts\/287611\/revisions"}],"wp:featuredmedia":[{"embeddable":true,"href":"http:\/\/desarrollo.grupomedios.com\/futbol\/wp-json\/wp\/v2\/media\/287625"}],"wp:attachment":[{"href":"http:\/\/desarrollo.grupomedios.com\/futbol\/wp-json\/wp\/v2\/media?parent=287611"}],"wp:term":[{"taxonomy":"category","embeddable":true,"href":"http:\/\/desarrollo.grupomedios.com\/futbol\/wp-json\/wp\/v2\/categories?post=287611"},{"taxonomy":"post_tag","embeddable":true,"href":"http:\/\/desarrollo.grupomedios.com\/futbol\/wp-json\/wp\/v2\/tags?post=287611"}],"curies":[{"name":"wp","href":"https:\/\/api.w.org\/{rel}","templated":true}]}}