{"id":287638,"date":"2015-06-21T11:23:02","date_gmt":"2015-06-21T16:23:02","guid":{"rendered":"http:\/\/futboltotal.com.mx\/?p=287638"},"modified":"2015-06-21T11:28:47","modified_gmt":"2015-06-21T16:28:47","slug":"que-detalles-que-locura-la-que-provocan-james-y-falcao","status":"publish","type":"post","link":"http:\/\/desarrollo.grupomedios.com\/futbol\/videos\/que-detalles-que-locura-la-que-provocan-james-y-falcao\/2015\/06","title":{"rendered":"\u00a1Qu\u00e9 locura la que provocan James y Falcao!"},"content":{"rendered":"<p>Un peque\u00f1\u00edn pas\u00f3 a los hombres de seguridad junto a su madre solo para tener de cerca y disfrutar de la calidad humanda de <strong>James Rodr\u00edguez<\/strong> y <strong>Radamel Falcao<\/strong>. El ni\u00f1o les entreg\u00f3 un regalo y recibi\u00f3 las firmas de sus \u00eddolos, aunque la m\u00e1s emocionada fue su madre, algo que se hac\u00eda muy notable con su voz entrecortada y sus halagos a los <em>cracks cafetaleros<\/em>. <\/p>\n<p>&#8220;Tom\u00e1s, Tom\u00e1s, Tom\u00e1s, eso lo hizo Tom\u00e1s, James. Ay no me voy a morir, me voy a morir. F\u00edrmale la camisa y la fotico, \u00bfs\u00ed?&#8221;, indic\u00f3 la madre del peque\u00f1o. <\/p>\n<p><strong>\u00a1Qu\u00e9 detalles, qu\u00e9 momentos, qu\u00e9 locura la que provocan James y Falcao!<\/strong><\/p>\n<p><iframe loading=\"lazy\" src=\"https:\/\/www.youtube.com\/embed\/lq_utoo0NqE\" frameborder=\"0\" allowfullscreen><\/iframe><\/p>\n","protected":false},"excerpt":{"rendered":"<p>La mam\u00e1 parec\u00eda la m\u00e1s emocionada con el detalle de sus \u00eddolos <\/p>\n","protected":false},"author":20,"featured_media":287639,"comment_status":"open","ping_status":"open","sticky":false,"template":"","format":"standard","meta":[],"categories":[4],"tags":[6005,4902,6082],"_links":{"self":[{"href":"http:\/\/desarrollo.grupomedios.com\/futbol\/wp-json\/wp\/v2\/posts\/287638"}],"collection":[{"href":"http:\/\/desarrollo.grupomedios.com\/futbol\/wp-json\/wp\/v2\/posts"}],"about":[{"href":"http:\/\/desarrollo.grupomedios.com\/futbol\/wp-json\/wp\/v2\/types\/post"}],"author":[{"embeddable":true,"href":"http:\/\/desarrollo.grupomedios.com\/futbol\/wp-json\/wp\/v2\/users\/20"}],"replies":[{"embeddable":true,"href":"http:\/\/desarrollo.grupomedios.com\/futbol\/wp-json\/wp\/v2\/comments?post=287638"}],"version-history":[{"count":0,"href":"http:\/\/desarrollo.grupomedios.com\/futbol\/wp-json\/wp\/v2\/posts\/287638\/revisions"}],"wp:featuredmedia":[{"embeddable":true,"href":"http:\/\/desarrollo.grupomedios.com\/futbol\/wp-json\/wp\/v2\/media\/287639"}],"wp:attachment":[{"href":"http:\/\/desarrollo.grupomedios.com\/futbol\/wp-json\/wp\/v2\/media?parent=287638"}],"wp:term":[{"taxonomy":"category","embeddable":true,"href":"http:\/\/desarrollo.grupomedios.com\/futbol\/wp-json\/wp\/v2\/categories?post=287638"},{"taxonomy":"post_tag","embeddable":true,"href":"http:\/\/desarrollo.grupomedios.com\/futbol\/wp-json\/wp\/v2\/tags?post=287638"}],"curies":[{"name":"wp","href":"https:\/\/api.w.org\/{rel}","templated":true}]}}