{"id":287693,"date":"2015-06-21T14:50:11","date_gmt":"2015-06-21T19:50:11","guid":{"rendered":"http:\/\/futboltotal.com.mx\/?p=287693"},"modified":"2015-06-21T20:46:20","modified_gmt":"2015-06-22T01:46:20","slug":"florentino-perez-quiere-un-benitez-mas-delgadito","status":"publish","type":"post","link":"http:\/\/desarrollo.grupomedios.com\/futbol\/futbol-internacional\/florentino-perez-quiere-un-benitez-mas-delgadito\/2015\/06","title":{"rendered":"\u00a1Florentino P\u00e9rez quiere un Ben\u00edtez m\u00e1s delgadito!"},"content":{"rendered":"<p>Al parecer, ya comenzaron las exigencias desde la presidencia del <strong>Real Madrid<\/strong>, y de momento, no tiene que ver con los argumentos deportivos para el club. En esta ocasi\u00f3n, desde Espa\u00f1a se menciona que <strong>Florentino P\u00e9rez habr\u00eda aconsejado a Rafa Ben\u00edtez que intente adelgazar<\/strong> para mejorar su imagen y evitar posibles burlas de las aficiones rivales.<\/p>\n<p>Diversos directivos de\u00a0la instituci\u00f3n <em>blanca<\/em>\u00a0habr\u00edan filtrado el mensaje del club al nuevo timonel. La intenci\u00f3n ser\u00eda evitar mofas como las sufridas por el t\u00e9cnico en su etapa en Inglaterra (tanto en Liverpool como en Chelsea), cuando recib\u00eda habituales c\u00e1nticos de &#8220;<em>fat spanish waiter<\/em>&#8221; (camarero gordo espa\u00f1ol), en informaci\u00f3n dada a conocer por Javier Matallanas, colaborador del <em>Diario AS<\/em><\/p>\n<p>En el blog, se a\u00f1ade que la imagen siempre ha sido un factor &#8220;fundamental&#8221; para Florentino P\u00e9rez, ya con eso en cuenta, el sobrepeso de Rafa Ben\u00edtez habr\u00eda podido frenar su fichaje por el Real Madrid en anteriores temporadas, cuando ya era vinculado con fuerza al club <em>merengue<\/em>.<\/p>\n<p>As\u00ed que esta historia trae de nuevo las comparaciones con las variadas exigencias de Florentino, como ejemplo: cuando decidi\u00f3 no renovar a Vicente del Bosque por su perfil demasiado tradicional.<\/p>\n<p>&#8220;Hemos entendido que necesitamos otro tipo de persona, otro perfil de entrenador. Del Bosque tiene un librillo muy tradicional. Nos gustar\u00eda un librillo m\u00e1s sofisticado&#8221;, al que se suma el \u00faltimo episodio con Carlo Ancelotti, de quien relat\u00f3 antes de su partida &#8220;es el t\u00e9cnico ideal para el club&#8221;.<\/p>\n","protected":false},"excerpt":{"rendered":"<p>Su sobrepeso impidi\u00f3 la contrataci\u00f3n a\u00f1os atr\u00e1s, revelan medios espa\u00f1oles <\/p>\n","protected":false},"author":20,"featured_media":287694,"comment_status":"open","ping_status":"open","sticky":false,"template":"","format":"standard","meta":[],"categories":[3839,3844],"tags":[491,1760,5988],"_links":{"self":[{"href":"http:\/\/desarrollo.grupomedios.com\/futbol\/wp-json\/wp\/v2\/posts\/287693"}],"collection":[{"href":"http:\/\/desarrollo.grupomedios.com\/futbol\/wp-json\/wp\/v2\/posts"}],"about":[{"href":"http:\/\/desarrollo.grupomedios.com\/futbol\/wp-json\/wp\/v2\/types\/post"}],"author":[{"embeddable":true,"href":"http:\/\/desarrollo.grupomedios.com\/futbol\/wp-json\/wp\/v2\/users\/20"}],"replies":[{"embeddable":true,"href":"http:\/\/desarrollo.grupomedios.com\/futbol\/wp-json\/wp\/v2\/comments?post=287693"}],"version-history":[{"count":0,"href":"http:\/\/desarrollo.grupomedios.com\/futbol\/wp-json\/wp\/v2\/posts\/287693\/revisions"}],"wp:featuredmedia":[{"embeddable":true,"href":"http:\/\/desarrollo.grupomedios.com\/futbol\/wp-json\/wp\/v2\/media\/287694"}],"wp:attachment":[{"href":"http:\/\/desarrollo.grupomedios.com\/futbol\/wp-json\/wp\/v2\/media?parent=287693"}],"wp:term":[{"taxonomy":"category","embeddable":true,"href":"http:\/\/desarrollo.grupomedios.com\/futbol\/wp-json\/wp\/v2\/categories?post=287693"},{"taxonomy":"post_tag","embeddable":true,"href":"http:\/\/desarrollo.grupomedios.com\/futbol\/wp-json\/wp\/v2\/tags?post=287693"}],"curies":[{"name":"wp","href":"https:\/\/api.w.org\/{rel}","templated":true}]}}