{"id":287708,"date":"2015-06-21T16:02:34","date_gmt":"2015-06-21T21:02:34","guid":{"rendered":"http:\/\/futboltotal.com.mx\/?p=287708"},"modified":"2015-06-21T16:02:34","modified_gmt":"2015-06-21T21:02:34","slug":"el-pollito-lio-la-parodia-del-papa-messi","status":"publish","type":"post","link":"http:\/\/desarrollo.grupomedios.com\/futbol\/videos\/el-pollito-lio-la-parodia-del-papa-messi\/2015\/06","title":{"rendered":"El Pollito L\u00edo, la parodia del pap\u00e1 Messi"},"content":{"rendered":"<p>Para celebrar el d\u00eda del padre en Argentina el <em>Diario Ol\u00e9<\/em> decidi\u00f3 dedicarle un video a su s\u00edmbolo, el argentino <strong>Leo Messi<\/strong> pero todo a manera de comedia por los dimes y diretes que recibe y por su relaci\u00f3n con el astro luso Cristiano Ronaldo.<\/p>\n<p>En la chistosa parodia el doble de Messi se defiende de las cr\u00edticas de una manera muy c\u00f3mica, con sentencias como:\u00a0&#8220;En Argentina dicen que pap\u00e1 es pecho fr\u00edo, es porque pap\u00e1 tom\u00f3 mucho helado de chiquito y tienen miedo que pap\u00e1 se resfri\u00e9&#8221;, dice de manera jocosa <em>La Pulga<\/em> de la parodia para continuar con:\u00a0&#8220;<strong>Cristiano est\u00e1 confundido porque la gente le dice que es hijo m\u00edo, pero es imposible, tiene mi misma edad. Aparte mi \u00fanico hijo sos vos&#8221;, le dice a Thiago.\u00a0<\/strong><\/p>\n<p><embed src='http:\/\/www.ole.com.ar\/static\/DESMedia\/swf\/jwplayer\/player.swf?hash=06418663a841fc726e7547ca13cc4e14' height='261' width='424' allowscriptaccess='always' allowfullscreen='true' flashvars='&#038;skin=http:\/\/www.ole.com.ar\/static\/DESMedia\/swf\/jwplayer\/skins\/modieus\/modieus.swf?hash=fc5dafd720b7a0ee3e89f1e0222ac9d1&#038;controlbar=over&#038;file=http:\/\/contenidos2.ole.clarin.com\/sincro\/ole\/flv\/2015\/06\/21\/VID\/OLEVID20150621_0007\/video_web.flv%3Fn%3D0&#038;image=http:\/\/www.ole.com.ar\/fuera-de-juego\/sketch-Bossi-imitando-Messi_OLEVID20150621_0007_18.jpg&#038;plugins=viral-h&#038;viral.allowmenu=false&#038;viral.oncomplete=false&#038;viral.onpause=true&#038;viral.pluginmode=FLASH'\/><\/p>\n","protected":false},"excerpt":{"rendered":"<p>Para celebrar el d\u00eda del padre no te puedes perder la parodia que involucra al crack de Argentina<\/p>\n","protected":false},"author":20,"featured_media":287709,"comment_status":"open","ping_status":"open","sticky":false,"template":"","format":"standard","meta":[],"categories":[4],"tags":[5589,248],"_links":{"self":[{"href":"http:\/\/desarrollo.grupomedios.com\/futbol\/wp-json\/wp\/v2\/posts\/287708"}],"collection":[{"href":"http:\/\/desarrollo.grupomedios.com\/futbol\/wp-json\/wp\/v2\/posts"}],"about":[{"href":"http:\/\/desarrollo.grupomedios.com\/futbol\/wp-json\/wp\/v2\/types\/post"}],"author":[{"embeddable":true,"href":"http:\/\/desarrollo.grupomedios.com\/futbol\/wp-json\/wp\/v2\/users\/20"}],"replies":[{"embeddable":true,"href":"http:\/\/desarrollo.grupomedios.com\/futbol\/wp-json\/wp\/v2\/comments?post=287708"}],"version-history":[{"count":0,"href":"http:\/\/desarrollo.grupomedios.com\/futbol\/wp-json\/wp\/v2\/posts\/287708\/revisions"}],"wp:featuredmedia":[{"embeddable":true,"href":"http:\/\/desarrollo.grupomedios.com\/futbol\/wp-json\/wp\/v2\/media\/287709"}],"wp:attachment":[{"href":"http:\/\/desarrollo.grupomedios.com\/futbol\/wp-json\/wp\/v2\/media?parent=287708"}],"wp:term":[{"taxonomy":"category","embeddable":true,"href":"http:\/\/desarrollo.grupomedios.com\/futbol\/wp-json\/wp\/v2\/categories?post=287708"},{"taxonomy":"post_tag","embeddable":true,"href":"http:\/\/desarrollo.grupomedios.com\/futbol\/wp-json\/wp\/v2\/tags?post=287708"}],"curies":[{"name":"wp","href":"https:\/\/api.w.org\/{rel}","templated":true}]}}