{"id":287719,"date":"2015-06-21T16:00:35","date_gmt":"2015-06-21T21:00:35","guid":{"rendered":"http:\/\/futboltotal.com.mx\/?p=287719"},"modified":"2015-06-21T17:06:01","modified_gmt":"2015-06-21T22:06:01","slug":"ronaldinho-a-un-paso-del-vasco-da-gama","status":"publish","type":"post","link":"http:\/\/desarrollo.grupomedios.com\/futbol\/destacado-home\/ronaldinho-a-un-paso-del-vasco-da-gama\/2015\/06","title":{"rendered":"Ronaldinho, a un paso del Vasco da Gama"},"content":{"rendered":"<p>Un d\u00eda despu\u00e9s de haber anunciando su salida de <em>Gallos<\/em> de <strong>Quer\u00e9taro<\/strong>, <strong>Ronaldinho Gaucho<\/strong> est\u00e1 muy cerca de concretar su regreso al balompi\u00e9 brasile\u00f1o y enrolarse con el <strong>Vasco da Gama<\/strong>.<\/p>\n<p>El conjunto de R\u00edo de Janeiro contar\u00e1 con <strong>Ronaldinho<\/strong> por los pr\u00f3ximos seis meses -con opci\u00f3n a uno m\u00e1s- y la contrataci\u00f3n se har\u00e1 oficial en los pr\u00f3ximos d\u00edas, seg\u00fan el<em> UOL esporte.\u00a0<\/em><\/p>\n<p><strong>Ronaldinho<\/strong>\u00a0aceptar\u00e1 sin mayores complicaciones retornar al <em>Brasileirao,<\/em>\u00a0toda vez que su hermano y representante, Roberto de Asis Moreira, no recibi\u00f3 ofertas formales por alg\u00fan club de la MLS, el destino predilecto para que viviera el ocaso de su carrera.<\/p>\n<p>De acuerdo con el medio citado, las negociaciones por el traspaso de Ronaldinho<strong>\u00a0<\/strong>comenzaron hace un mes, pero quedaron estancadas porque aun no estaba definido si este se quedar\u00eda a cumplir el contrato que le quedaba con <em>Gallos.<\/em><\/p>\n<p>Aunque el <strong>Vasco da Gama<\/strong> tiene un tope salarial de 150 mil reales brasile\u00f1os, el astro percibir\u00e1 una cifra cercana a los 300 mil. El excedente ser\u00e1 cubierto mediante una serie de variables en base a rendimiento, entre las cuales est\u00e1 evitar el descenso del club, que ahora marcha en el \u00faltimo pelda\u00f1o (20) de la clasificaci\u00f3n del campeonato brasile\u00f1o.<\/p>\n<p>&nbsp;<\/p>\n","protected":false},"excerpt":{"rendered":"<p>En Brasil aseguran que el astro brasile\u00f1o firmar\u00e1 un contrato por seis meses <\/p>\n","protected":false},"author":20,"featured_media":287741,"comment_status":"open","ping_status":"open","sticky":false,"template":"","format":"standard","meta":[],"categories":[5,3839],"tags":[5997],"_links":{"self":[{"href":"http:\/\/desarrollo.grupomedios.com\/futbol\/wp-json\/wp\/v2\/posts\/287719"}],"collection":[{"href":"http:\/\/desarrollo.grupomedios.com\/futbol\/wp-json\/wp\/v2\/posts"}],"about":[{"href":"http:\/\/desarrollo.grupomedios.com\/futbol\/wp-json\/wp\/v2\/types\/post"}],"author":[{"embeddable":true,"href":"http:\/\/desarrollo.grupomedios.com\/futbol\/wp-json\/wp\/v2\/users\/20"}],"replies":[{"embeddable":true,"href":"http:\/\/desarrollo.grupomedios.com\/futbol\/wp-json\/wp\/v2\/comments?post=287719"}],"version-history":[{"count":0,"href":"http:\/\/desarrollo.grupomedios.com\/futbol\/wp-json\/wp\/v2\/posts\/287719\/revisions"}],"wp:featuredmedia":[{"embeddable":true,"href":"http:\/\/desarrollo.grupomedios.com\/futbol\/wp-json\/wp\/v2\/media\/287741"}],"wp:attachment":[{"href":"http:\/\/desarrollo.grupomedios.com\/futbol\/wp-json\/wp\/v2\/media?parent=287719"}],"wp:term":[{"taxonomy":"category","embeddable":true,"href":"http:\/\/desarrollo.grupomedios.com\/futbol\/wp-json\/wp\/v2\/categories?post=287719"},{"taxonomy":"post_tag","embeddable":true,"href":"http:\/\/desarrollo.grupomedios.com\/futbol\/wp-json\/wp\/v2\/tags?post=287719"}],"curies":[{"name":"wp","href":"https:\/\/api.w.org\/{rel}","templated":true}]}}