{"id":287747,"date":"2015-06-22T13:18:21","date_gmt":"2015-06-22T18:18:21","guid":{"rendered":"http:\/\/futboltotal.com.mx\/?p=287747"},"modified":"2015-06-22T13:21:50","modified_gmt":"2015-06-22T18:21:50","slug":"oficial-juventus-ficha-a-mandzukic","status":"publish","type":"post","link":"http:\/\/desarrollo.grupomedios.com\/futbol\/futbol-internacional\/oficial-juventus-ficha-a-mandzukic\/2015\/06","title":{"rendered":"Oficial: Juventus ficha a Mandzukic"},"content":{"rendered":"<p><strong>Juventus<\/strong>\u00a0oficializ\u00f3 la llegada del delantero croata <strong>Mario Mandzukic<\/strong>, primer refuerzo del club para la temporada 2015-16, procedente del <strong>Atl\u00e9tico de Madrid<\/strong>.<\/p>\n<p>&#8220;Mario Mandzukic acaba de aterrizar en Torino. \u00a1Bienvenido!&#8221;, public\u00f3 la escuadra <em>bianconeri\u00a0<\/em>este domingo a\u00a0trav\u00e9s de su cuenta de Twitter.<\/p>\n<blockquote class=\"twitter-tweet\" lang=\"es\">\n<p dir=\"ltr\" lang=\"it\">.<a href=\"https:\/\/twitter.com\/MarioMandzukic9\">@MarioMandzukic9<\/a> \u00e8 appena sbarcato a Torino! Benvenuto! <a href=\"http:\/\/t.co\/ncy9xnBRFe\">pic.twitter.com\/ncy9xnBRFe<\/a><\/p>\n<p>\u2014 JuventusFC (@juventusfc) <a href=\"https:\/\/twitter.com\/juventusfc\/status\/612702648677085185\">junio 21, 2015<\/a><\/p><\/blockquote>\n<p><script src=\"\/\/platform.twitter.com\/widgets.js\" async=\"\" charset=\"utf-8\"><\/script>Mandzukic llega a Tur\u00edn tras haber negociado su salida del Atl\u00e9tico en los mejores t\u00e9rminos y con la encomienda de ser el <em>Capocannonieri<\/em> que supla a Carlos T\u00e9vez, que est\u00e1 muy cerca de ser traspasado a Boca Juniors.<\/p>\n<p>El croata super\u00f3 las\u00a0pruebas m\u00e9dicas este lunes y posteriormente finiquit\u00f3 los detalles de su contrataci\u00f3n, en la cual firm\u00f3 un contrato por cuatro\u00a0temporadas en un acuerdo por 19 millones de euros.<\/p>\n<p>&#8220;Mandzukic en un delantero de alto nivel y tiene todo para poder triunfar en el equipo. Defenderemos Liga, Copa y queremos otra final de Champions. Ser\u00eda muy \u00fatil para cumplir los objetivos&#8221;, dijo Allegri para<em> Sky Italia.<\/em>\u00a0<\/p>\n<blockquote class=\"twitter-tweet\" lang=\"es\"><p>\n.<a href=\"https:\/\/twitter.com\/MarioMandzukic9\">@MarioMandzukic9<\/a> joins Juventus, penning a four-year deal with the club: <a href=\"http:\/\/t.co\/YRXr4UKs0p\">http:\/\/t.co\/YRXr4UKs0p<\/a> <a href=\"https:\/\/twitter.com\/hashtag\/WelcomeMandzukic?src=hash\">#WelcomeMandzukic<\/a> <a href=\"http:\/\/t.co\/7VMpEjuF0x\">pic.twitter.com\/7VMpEjuF0x<\/a><\/p>\n<p>\u2014 JuventusFC (@juventusfcen) <a href=\"https:\/\/twitter.com\/juventusfcen\/status\/613023287388581888\">junio 22, 2015<\/a>\n<\/p><\/blockquote>\n<p><script src=\"\/\/platform.twitter.com\/widgets.js\" async=\"\" charset=\"utf-8\"><\/script><\/p>\n","protected":false},"excerpt":{"rendered":"<p>Los Bianconeri anuncian la llegada del ariete croata, quien ocupar\u00e1 el sitio de T\u00e9vez<\/p>\n","protected":false},"author":20,"featured_media":287951,"comment_status":"open","ping_status":"open","sticky":false,"template":"","format":"standard","meta":[],"categories":[3839,3844,3848],"tags":[640,4847,5999,3008],"_links":{"self":[{"href":"http:\/\/desarrollo.grupomedios.com\/futbol\/wp-json\/wp\/v2\/posts\/287747"}],"collection":[{"href":"http:\/\/desarrollo.grupomedios.com\/futbol\/wp-json\/wp\/v2\/posts"}],"about":[{"href":"http:\/\/desarrollo.grupomedios.com\/futbol\/wp-json\/wp\/v2\/types\/post"}],"author":[{"embeddable":true,"href":"http:\/\/desarrollo.grupomedios.com\/futbol\/wp-json\/wp\/v2\/users\/20"}],"replies":[{"embeddable":true,"href":"http:\/\/desarrollo.grupomedios.com\/futbol\/wp-json\/wp\/v2\/comments?post=287747"}],"version-history":[{"count":0,"href":"http:\/\/desarrollo.grupomedios.com\/futbol\/wp-json\/wp\/v2\/posts\/287747\/revisions"}],"wp:featuredmedia":[{"embeddable":true,"href":"http:\/\/desarrollo.grupomedios.com\/futbol\/wp-json\/wp\/v2\/media\/287951"}],"wp:attachment":[{"href":"http:\/\/desarrollo.grupomedios.com\/futbol\/wp-json\/wp\/v2\/media?parent=287747"}],"wp:term":[{"taxonomy":"category","embeddable":true,"href":"http:\/\/desarrollo.grupomedios.com\/futbol\/wp-json\/wp\/v2\/categories?post=287747"},{"taxonomy":"post_tag","embeddable":true,"href":"http:\/\/desarrollo.grupomedios.com\/futbol\/wp-json\/wp\/v2\/tags?post=287747"}],"curies":[{"name":"wp","href":"https:\/\/api.w.org\/{rel}","templated":true}]}}