{"id":287820,"date":"2015-06-21T20:37:43","date_gmt":"2015-06-22T01:37:43","guid":{"rendered":"http:\/\/futboltotal.com.mx\/?p=287820"},"modified":"2015-06-21T20:45:18","modified_gmt":"2015-06-22T01:45:18","slug":"liga-mx-celebra-el-dia-del-padre","status":"publish","type":"post","link":"http:\/\/desarrollo.grupomedios.com\/futbol\/galerias\/liga-mx-celebra-el-dia-del-padre\/2015\/06","title":{"rendered":"Liga MX celebra el D\u00eda del Padre"},"content":{"rendered":"<p>Este domingo 21 de junio, se celebr\u00f3 el <strong>D\u00eda del Padre<\/strong>, y mientras algunos pap\u00e1s lo festejaron con la jornada de Copa Am\u00e9rica, otros lo festejaron con la familia.<\/p>\n<p>Mientras tanto, los equipos de la <strong><a href=\"http:\/\/www.futboltotal.com.mx\/futbol-mexicano\/\" target=\"_blank\">Liga MX<\/a>\u00a0<\/strong>decidieron felicitar a los pap\u00e1s mediante sus cuentas de Twitter.<\/p>\n<p>\u00bfQui\u00e9n festej\u00f3 el <strong>D\u00eda del Padre<\/strong> de forma m\u00e1s original?, \u00bfTu equipo se uni\u00f3 a las felicitaciones?<\/p>\n<div id=\"galleryAa3\" style=\"display:none;\"><img alt=\"\" src=\"http:\/\/desarrollo.grupomedios.com\/futbol\/wp-content\/uploads\/2015\/06\/xolos-dia-del-padre.jpg\" data-image=\"http:\/\/desarrollo.grupomedios.com\/futbol\/wp-content\/uploads\/2015\/06\/xolos-dia-del-padre.jpg\" data-description=\"xolos dia del padre\"><img alt=\"\" src=\"http:\/\/desarrollo.grupomedios.com\/futbol\/wp-content\/uploads\/2015\/06\/veracruz-dia-del-padre.jpg\" data-image=\"http:\/\/desarrollo.grupomedios.com\/futbol\/wp-content\/uploads\/2015\/06\/veracruz-dia-del-padre.jpg\" data-description=\"veracruz dia del padre\"><img alt=\"\" src=\"http:\/\/desarrollo.grupomedios.com\/futbol\/wp-content\/uploads\/2015\/06\/toluca-dia-del-padre.jpg\" data-image=\"http:\/\/desarrollo.grupomedios.com\/futbol\/wp-content\/uploads\/2015\/06\/toluca-dia-del-padre.jpg\" data-description=\"toluca dia del padre\"><img alt=\"\" src=\"http:\/\/desarrollo.grupomedios.com\/futbol\/wp-content\/uploads\/2015\/06\/rayados-dia-del-padre.jpg\" data-image=\"http:\/\/desarrollo.grupomedios.com\/futbol\/wp-content\/uploads\/2015\/06\/rayados-dia-del-padre.jpg\" data-description=\"rayados dia del padre\"><img alt=\"\" src=\"http:\/\/desarrollo.grupomedios.com\/futbol\/wp-content\/uploads\/2015\/06\/santos-dia-del-padre.jpg\" data-image=\"http:\/\/desarrollo.grupomedios.com\/futbol\/wp-content\/uploads\/2015\/06\/santos-dia-del-padre.jpg\" data-description=\"santos dia del padre\"><img alt=\"\" src=\"http:\/\/desarrollo.grupomedios.com\/futbol\/wp-content\/uploads\/2015\/06\/tigres-dia-del-padre.jpg\" data-image=\"http:\/\/desarrollo.grupomedios.com\/futbol\/wp-content\/uploads\/2015\/06\/tigres-dia-del-padre.jpg\" data-description=\"tigres dia del padre\"><img alt=\"\" src=\"http:\/\/desarrollo.grupomedios.com\/futbol\/wp-content\/uploads\/2015\/06\/queretaro-dia-del-padre.jpg\" data-image=\"http:\/\/desarrollo.grupomedios.com\/futbol\/wp-content\/uploads\/2015\/06\/queretaro-dia-del-padre.jpg\" data-description=\"queretaro dia del padre\"><img alt=\"\" src=\"http:\/\/desarrollo.grupomedios.com\/futbol\/wp-content\/uploads\/2015\/06\/pumas-dia-del-padre.jpg\" data-image=\"http:\/\/desarrollo.grupomedios.com\/futbol\/wp-content\/uploads\/2015\/06\/pumas-dia-del-padre.jpg\" data-description=\"pumas dia del padre\"><img alt=\"\" src=\"http:\/\/desarrollo.grupomedios.com\/futbol\/wp-content\/uploads\/2015\/06\/puebla-dia-del-padre.jpg\" data-image=\"http:\/\/desarrollo.grupomedios.com\/futbol\/wp-content\/uploads\/2015\/06\/puebla-dia-del-padre.jpg\" data-description=\"puebla dia del padre\"><img alt=\"\" src=\"http:\/\/desarrollo.grupomedios.com\/futbol\/wp-content\/uploads\/2015\/06\/chivas-dia-del-padre.jpg\" data-image=\"http:\/\/desarrollo.grupomedios.com\/futbol\/wp-content\/uploads\/2015\/06\/chivas-dia-del-padre.jpg\" data-description=\"chivas dia del padre\"><img alt=\"\" src=\"http:\/\/desarrollo.grupomedios.com\/futbol\/wp-content\/uploads\/2015\/06\/dorados-dia-del-padre.jpg\" data-image=\"http:\/\/desarrollo.grupomedios.com\/futbol\/wp-content\/uploads\/2015\/06\/dorados-dia-del-padre.jpg\" data-description=\"dorados dia del padre\"><img alt=\"\" src=\"http:\/\/desarrollo.grupomedios.com\/futbol\/wp-content\/uploads\/2015\/06\/pachuca-dia-del-padre.jpg\" data-image=\"http:\/\/desarrollo.grupomedios.com\/futbol\/wp-content\/uploads\/2015\/06\/pachuca-dia-del-padre.jpg\" data-description=\"pachuca dia del padre\"><img alt=\"\" src=\"http:\/\/desarrollo.grupomedios.com\/futbol\/wp-content\/uploads\/2015\/06\/chiapas-dia-del-padre.jpg\" data-image=\"http:\/\/desarrollo.grupomedios.com\/futbol\/wp-content\/uploads\/2015\/06\/chiapas-dia-del-padre.jpg\" data-description=\"chiapas dia del padre\"><img alt=\"\" src=\"http:\/\/desarrollo.grupomedios.com\/futbol\/wp-content\/uploads\/2015\/06\/america-dia-del-padre.jpg\" data-image=\"http:\/\/desarrollo.grupomedios.com\/futbol\/wp-content\/uploads\/2015\/06\/america-dia-del-padre.jpg\" data-description=\"america dia del padre\"><\/div>\n        <script>\n        \/\/galeria 1\n        jQuery(document).ready(function(){ \n            var api;\n            api = jQuery(\"#galleryAa3\").unitegallery({\n                carousel_autoplay: false\n            }); \n        });\n        <\/script>\n        \n<p><script src=\"\/\/platform.twitter.com\/widgets.js\" async=\"\" charset=\"utf-8\"><\/script><\/p>\n","protected":false},"excerpt":{"rendered":"<p>Equipos de la Liga MX y exfutbolistas se unieron al festejo<\/p>\n","protected":false},"author":20,"featured_media":287866,"comment_status":"open","ping_status":"open","sticky":false,"template":"","format":"standard","meta":[],"categories":[2198,3],"tags":[5589,64,584],"_links":{"self":[{"href":"http:\/\/desarrollo.grupomedios.com\/futbol\/wp-json\/wp\/v2\/posts\/287820"}],"collection":[{"href":"http:\/\/desarrollo.grupomedios.com\/futbol\/wp-json\/wp\/v2\/posts"}],"about":[{"href":"http:\/\/desarrollo.grupomedios.com\/futbol\/wp-json\/wp\/v2\/types\/post"}],"author":[{"embeddable":true,"href":"http:\/\/desarrollo.grupomedios.com\/futbol\/wp-json\/wp\/v2\/users\/20"}],"replies":[{"embeddable":true,"href":"http:\/\/desarrollo.grupomedios.com\/futbol\/wp-json\/wp\/v2\/comments?post=287820"}],"version-history":[{"count":0,"href":"http:\/\/desarrollo.grupomedios.com\/futbol\/wp-json\/wp\/v2\/posts\/287820\/revisions"}],"wp:featuredmedia":[{"embeddable":true,"href":"http:\/\/desarrollo.grupomedios.com\/futbol\/wp-json\/wp\/v2\/media\/287866"}],"wp:attachment":[{"href":"http:\/\/desarrollo.grupomedios.com\/futbol\/wp-json\/wp\/v2\/media?parent=287820"}],"wp:term":[{"taxonomy":"category","embeddable":true,"href":"http:\/\/desarrollo.grupomedios.com\/futbol\/wp-json\/wp\/v2\/categories?post=287820"},{"taxonomy":"post_tag","embeddable":true,"href":"http:\/\/desarrollo.grupomedios.com\/futbol\/wp-json\/wp\/v2\/tags?post=287820"}],"curies":[{"name":"wp","href":"https:\/\/api.w.org\/{rel}","templated":true}]}}