{"id":287887,"date":"2015-06-22T15:00:52","date_gmt":"2015-06-22T20:00:52","guid":{"rendered":"http:\/\/futboltotal.com.mx\/?p=287887"},"modified":"2015-06-22T15:00:46","modified_gmt":"2015-06-22T20:00:46","slug":"geoffrey-kondogbia-nuevo-futbolista-del-inter","status":"publish","type":"post","link":"http:\/\/desarrollo.grupomedios.com\/futbol\/futbol-internacional\/geoffrey-kondogbia-nuevo-futbolista-del-inter\/2015\/06","title":{"rendered":"Geoffrey Kondogbia, nuevo futbolista del Inter"},"content":{"rendered":"<p>El mediocampista <strong>Geoffrey Kondogbia<\/strong> se convirti\u00f3 en el nuevo futbolista del <strong>Inter<\/strong> para la pr\u00f3xima temporada de la Serie A, luego de superar las pruebas m\u00e9dicas.<\/p>\n<p>El Inter oficializ\u00f3 el fichaje de Kondogbia, jugador hasta ahora del As M\u00f3naco, en su cuenta de Twitter, una operaci\u00f3n que se finiquit\u00f3 con un acuerdo hasta 2020 por 38 millones de euros, seg\u00fan medios italianos.<\/p>\n<blockquote class=\"twitter-tweet\" lang=\"es\">\n<p dir=\"ltr\" lang=\"it\">C&#8217;\u00e8 un messaggio di <a href=\"https:\/\/twitter.com\/Geo_Kondogbia\">@Geo_Kondogbia<\/a> per voi. Perch\u00e9 niente \u00e8 come esserci <a href=\"https:\/\/twitter.com\/hashtag\/KondogbiaDay?src=hash\">#KondogbiaDay<\/a> <a href=\"https:\/\/twitter.com\/hashtag\/FCIM?src=hash\">#FCIM<\/a> <a href=\"https:\/\/twitter.com\/hashtag\/ForzaInter?src=hash\">#ForzaInter<\/a> <a href=\"https:\/\/t.co\/9JJfenkV0v\">https:\/\/t.co\/9JJfenkV0v<\/a><\/p>\n<p>\u2014 F.C. Internazionale (@Inter) <a href=\"https:\/\/twitter.com\/Inter\/status\/612983540611821568\">junio 22, 2015<\/a><\/p><\/blockquote>\n<p><script src=\"\/\/platform.twitter.com\/widgets.js\" async=\"\" charset=\"utf-8\"><\/script><\/p>\n<p>El fichaje del centrocampista franc\u00e9s, de 22 a\u00f1os, que seg\u00fan las informaciones locales cobrar\u00e1 alrededor de 4,2 millones de euros por temporada, llevaba unos d\u00edas en marcha, pero finalmente fue confirmado este lunes.<\/p>\n<p>Muchos clubes se hab\u00edan interesado por el jugador, entre los cuales destacaban el Barcelona y el Real Madrid, adem\u00e1s del m\u00e1ximo rival de la instituci\u00f3n neroazzurrra, el Milan.<\/p>\n<blockquote class=\"twitter-tweet\" lang=\"es\">\n<p lang=\"it\" dir=\"ltr\">La maglia nerazzurra \u00e8 la numero 7. Ecco il saluto di <a href=\"https:\/\/twitter.com\/Geo_Kondogbia\">@Geo_Kondogbia<\/a> accolto dai tifosi <a href=\"https:\/\/twitter.com\/hashtag\/KondogbiaDay?src=hash\">#KondogbiaDay<\/a> <a href=\"https:\/\/twitter.com\/hashtag\/FCIM?src=hash\">#FCIM<\/a> <a href=\"http:\/\/t.co\/QsCYVYQyOQ\">pic.twitter.com\/QsCYVYQyOQ<\/a><\/p>\n<p>&mdash; F.C. Internazionale (@Inter) <a href=\"https:\/\/twitter.com\/Inter\/status\/613009899950374913\">junio 22, 2015<\/a><\/p><\/blockquote>\n<p><script async src=\"\/\/platform.twitter.com\/widgets.js\" charset=\"utf-8\"><\/script><\/p>\n","protected":false},"excerpt":{"rendered":"<p>El seleccionado franc\u00e9s tendr\u00e1 contrato con el club hasta 2020<\/p>\n","protected":false},"author":20,"featured_media":287903,"comment_status":"open","ping_status":"open","sticky":false,"template":"","format":"standard","meta":[],"categories":[3839,3844,3848],"tags":[1073,5591],"_links":{"self":[{"href":"http:\/\/desarrollo.grupomedios.com\/futbol\/wp-json\/wp\/v2\/posts\/287887"}],"collection":[{"href":"http:\/\/desarrollo.grupomedios.com\/futbol\/wp-json\/wp\/v2\/posts"}],"about":[{"href":"http:\/\/desarrollo.grupomedios.com\/futbol\/wp-json\/wp\/v2\/types\/post"}],"author":[{"embeddable":true,"href":"http:\/\/desarrollo.grupomedios.com\/futbol\/wp-json\/wp\/v2\/users\/20"}],"replies":[{"embeddable":true,"href":"http:\/\/desarrollo.grupomedios.com\/futbol\/wp-json\/wp\/v2\/comments?post=287887"}],"version-history":[{"count":0,"href":"http:\/\/desarrollo.grupomedios.com\/futbol\/wp-json\/wp\/v2\/posts\/287887\/revisions"}],"wp:featuredmedia":[{"embeddable":true,"href":"http:\/\/desarrollo.grupomedios.com\/futbol\/wp-json\/wp\/v2\/media\/287903"}],"wp:attachment":[{"href":"http:\/\/desarrollo.grupomedios.com\/futbol\/wp-json\/wp\/v2\/media?parent=287887"}],"wp:term":[{"taxonomy":"category","embeddable":true,"href":"http:\/\/desarrollo.grupomedios.com\/futbol\/wp-json\/wp\/v2\/categories?post=287887"},{"taxonomy":"post_tag","embeddable":true,"href":"http:\/\/desarrollo.grupomedios.com\/futbol\/wp-json\/wp\/v2\/tags?post=287887"}],"curies":[{"name":"wp","href":"https:\/\/api.w.org\/{rel}","templated":true}]}}