{"id":287894,"date":"2015-06-22T08:54:15","date_gmt":"2015-06-22T13:54:15","guid":{"rendered":"http:\/\/futboltotal.com.mx\/?p=287894"},"modified":"2015-06-22T08:54:15","modified_gmt":"2015-06-22T13:54:15","slug":"javier-aquino-si-jugara-con-tigres","status":"publish","type":"post","link":"http:\/\/desarrollo.grupomedios.com\/futbol\/destacado-home\/javier-aquino-si-jugara-con-tigres\/2015\/06","title":{"rendered":"Javier Aquino s\u00ed jugar\u00e1 con Tigres"},"content":{"rendered":"<p><strong>Fernando Roig<\/strong>, presidente del <strong>Villarreal<\/strong>, confirm\u00f3 varias operaciones que tiene en marcha el <em>Submarino Amarillo<\/em>, dentro de las mismas, inform\u00f3 que <strong>Javier Aquino si jugar\u00e1 con Tigres<\/strong> la pr\u00f3xima temporada. <\/p>\n<p>En el marco de la presentaci\u00f3n de la nueva campa\u00f1a de abonos del Villarreal con miras a la temporada 2015-2016, el mandatario reconoci\u00f3 que la operaci\u00f3n est\u00e1 cerrada en lo que corresponde a la instituci\u00f3n espa\u00f1ola, por lo que ser\u00e1 cuesti\u00f3n de que Tigres confirme la compra del seleccionado mexicano. <\/p>\n<p>A pesar del anuncio de Roig, la clave de la firma de<strong> Javier Aquino<\/strong> con Tigres depende de un acuerdo en el pacto de caballeros, pues semanas atr\u00e1s el director deportivo de Cruz Azul, Agust\u00edn Manzo, asegur\u00f3 que en caso de un retorno a M\u00e9xico el futbolista estar\u00eda m\u00e1s cerca de volver al cuadro capitalino.<\/p>\n<p>Por otra parte, el presidente del Villarreal tambi\u00e9n confirm\u00f3 que Luciano Vietto pas\u00f3 a dominio del Atl\u00e9tico de Madrid, equipo que abonar\u00e1 20 millones de euros por la compra del futbolista argentino. <\/p>\n","protected":false},"excerpt":{"rendered":"<p>El presidente del Villarreal, Fernando Roig, lo confirm\u00f3 este lunes <\/p>\n","protected":false},"author":20,"featured_media":287896,"comment_status":"open","ping_status":"open","sticky":false,"template":"","format":"standard","meta":[],"categories":[5,3839],"tags":[3560,5973,2607],"_links":{"self":[{"href":"http:\/\/desarrollo.grupomedios.com\/futbol\/wp-json\/wp\/v2\/posts\/287894"}],"collection":[{"href":"http:\/\/desarrollo.grupomedios.com\/futbol\/wp-json\/wp\/v2\/posts"}],"about":[{"href":"http:\/\/desarrollo.grupomedios.com\/futbol\/wp-json\/wp\/v2\/types\/post"}],"author":[{"embeddable":true,"href":"http:\/\/desarrollo.grupomedios.com\/futbol\/wp-json\/wp\/v2\/users\/20"}],"replies":[{"embeddable":true,"href":"http:\/\/desarrollo.grupomedios.com\/futbol\/wp-json\/wp\/v2\/comments?post=287894"}],"version-history":[{"count":0,"href":"http:\/\/desarrollo.grupomedios.com\/futbol\/wp-json\/wp\/v2\/posts\/287894\/revisions"}],"wp:featuredmedia":[{"embeddable":true,"href":"http:\/\/desarrollo.grupomedios.com\/futbol\/wp-json\/wp\/v2\/media\/287896"}],"wp:attachment":[{"href":"http:\/\/desarrollo.grupomedios.com\/futbol\/wp-json\/wp\/v2\/media?parent=287894"}],"wp:term":[{"taxonomy":"category","embeddable":true,"href":"http:\/\/desarrollo.grupomedios.com\/futbol\/wp-json\/wp\/v2\/categories?post=287894"},{"taxonomy":"post_tag","embeddable":true,"href":"http:\/\/desarrollo.grupomedios.com\/futbol\/wp-json\/wp\/v2\/tags?post=287894"}],"curies":[{"name":"wp","href":"https:\/\/api.w.org\/{rel}","templated":true}]}}