{"id":287960,"date":"2015-06-22T14:15:58","date_gmt":"2015-06-22T19:15:58","guid":{"rendered":"http:\/\/futboltotal.com.mx\/?p=287960"},"modified":"2015-06-22T14:15:58","modified_gmt":"2015-06-22T19:15:58","slug":"filtran-segundo-posible-uniforme-del-porto","status":"publish","type":"post","link":"http:\/\/desarrollo.grupomedios.com\/futbol\/futbol-internacional\/filtran-segundo-posible-uniforme-del-porto\/2015\/06","title":{"rendered":"Filtran segundo posible uniforme del Porto"},"content":{"rendered":"<p>En redes sociales, circulan\u00a0im\u00e1genes del que podr\u00eda ser el segundo <strong>uniforme del Porto<\/strong> en la pr\u00f3xima temporada. La posible nueva indumentaria caus\u00f3 revuelo, pues destaca por su ex\u00f3tico tono dorado.<\/p>\n<p><a href=\"http:\/\/futboltotal.com.mx\/wp-content\/uploads\/2015\/06\/porto_segundo_uniforme.jpg\"><img decoding=\"async\" loading=\"lazy\" class=\"aligncenter wp-image-287965\" src=\"http:\/\/futboltotal.com.mx\/wp-content\/uploads\/2015\/06\/porto_segundo_uniforme.jpg\" alt=\"porto_segundo_uniforme\" srcset=\"http:\/\/desarrollo.grupomedios.com\/futbol\/wp-content\/uploads\/2015\/06\/porto_segundo_uniforme.jpg 820w, http:\/\/desarrollo.grupomedios.com\/futbol\/wp-content\/uploads\/2015\/06\/porto_segundo_uniforme-300x202.jpg 300w\" sizes=\"(max-width: 600px) 100vw, 600px\" \/><\/a><\/p>\n<p>Cabe apuntar que la semana pasada, fue <a href=\"http:\/\/futboltotal.com.mx\/2015\/06\/herrera-y-porto-presentan-nuevo-uniforme\/\">presentado el <strong>uniforme<\/strong> principal que el <strong>Porto<\/strong> utilizar\u00e1 en la campa\u00f1a 2015-16<\/a>, el cual fue dise\u00f1ado por el nuevo patrocinador de los <em>Dragones<\/em>: <strong>New Balance<\/strong>.<\/p>\n<p>En cuanto al dise\u00f1o, el presunto nuevo uniforme es similar al anunciado la semana pasada, con la gran diferencia en el color: el principal es blanco y el segundo ser\u00eda dorado.<\/p>\n","protected":false},"excerpt":{"rendered":"<p>La posible nueva indumentaria destaca por su ex\u00f3tico tono dorado<\/p>\n","protected":false},"author":20,"featured_media":287965,"comment_status":"open","ping_status":"open","sticky":false,"template":"","format":"standard","meta":[],"categories":[3839],"tags":[5593,1208,2127],"_links":{"self":[{"href":"http:\/\/desarrollo.grupomedios.com\/futbol\/wp-json\/wp\/v2\/posts\/287960"}],"collection":[{"href":"http:\/\/desarrollo.grupomedios.com\/futbol\/wp-json\/wp\/v2\/posts"}],"about":[{"href":"http:\/\/desarrollo.grupomedios.com\/futbol\/wp-json\/wp\/v2\/types\/post"}],"author":[{"embeddable":true,"href":"http:\/\/desarrollo.grupomedios.com\/futbol\/wp-json\/wp\/v2\/users\/20"}],"replies":[{"embeddable":true,"href":"http:\/\/desarrollo.grupomedios.com\/futbol\/wp-json\/wp\/v2\/comments?post=287960"}],"version-history":[{"count":0,"href":"http:\/\/desarrollo.grupomedios.com\/futbol\/wp-json\/wp\/v2\/posts\/287960\/revisions"}],"wp:featuredmedia":[{"embeddable":true,"href":"http:\/\/desarrollo.grupomedios.com\/futbol\/wp-json\/wp\/v2\/media\/287965"}],"wp:attachment":[{"href":"http:\/\/desarrollo.grupomedios.com\/futbol\/wp-json\/wp\/v2\/media?parent=287960"}],"wp:term":[{"taxonomy":"category","embeddable":true,"href":"http:\/\/desarrollo.grupomedios.com\/futbol\/wp-json\/wp\/v2\/categories?post=287960"},{"taxonomy":"post_tag","embeddable":true,"href":"http:\/\/desarrollo.grupomedios.com\/futbol\/wp-json\/wp\/v2\/tags?post=287960"}],"curies":[{"name":"wp","href":"https:\/\/api.w.org\/{rel}","templated":true}]}}