{"id":287961,"date":"2015-06-22T14:03:41","date_gmt":"2015-06-22T19:03:41","guid":{"rendered":"http:\/\/futboltotal.com.mx\/?p=287961"},"modified":"2015-06-22T14:03:41","modified_gmt":"2015-06-22T19:03:41","slug":"matias-vuoso-espera-oferta-de-colo-colo","status":"publish","type":"post","link":"http:\/\/desarrollo.grupomedios.com\/futbol\/futbol-mexicano\/matias-vuoso-espera-oferta-de-colo-colo\/2015\/06","title":{"rendered":"Mat\u00edas Vuoso espera oferta de Colo Colo"},"content":{"rendered":"<p>Aunque la <a href=\"http:\/\/futboltotal.com.mx\/futbol-mexicano\/seleccion-mexicana\/\" target=\"_blank\"><strong>Selecci\u00f3n Mexicana<\/strong><\/a> firm\u00f3 un fracaso en la Copa Am\u00e9rica, consecuencia de un pobre desempe\u00f1o. <strong>Mat\u00edas Vuoso<\/strong> fue una de las pocas luces que brill\u00f3 en el plantel, sin embargo, el delantero se mantiene sin equipo.<\/p>\n<p>Luego de concluir su pr\u00e9stamo con Chiapas, el <em>Toro<\/em> se perfilaba para regresar al Atlas (due\u00f1o de sus derechos deportivos), empero, los <em>Zorros<\/em> aseguraron que no lo contemplan en el grupo, por si fuera poco ning\u00fan otro club de la Liga MX puso una oferta por el jugador, por lo cual podr\u00eda probar suerte en el extranjero.<\/p>\n<p>Uno de los posibles destinos de <strong>Mat\u00edas Vuoso<\/strong> era Colo Colo, y si bien la escuadra chilena tiene inter\u00e9s en el artillero naturalizado mexicano, de momento no ha hecho movimiento alguno.<\/p>\n<p>&#8220;Lo de Colo Colo fue real, pero no me han dicho nada, estoy a la espera, quiero vacaciones y despu\u00e9s ver el futuro&#8221;, coment\u00f3 el ariete ante medios de comunicaci\u00f3n.<\/p>\n<p>Por ser seleccionado nacional, <strong>Mat\u00edas Vuoso<\/strong> tiene como fecha limite el 17 de julio para firmar con un equipo de M\u00e9xico, en caso de convencer de \u00faltimo minuto a alguien. De igual forma, el atacante <a href=\"http:\/\/futboltotal.com.mx\/2015\/06\/el-destino-de-vuoso-estaria-en-belgica\/\" target=\"_blank\">podr\u00eda terminar en B\u00e9lgica<\/a> donde tiene ofertas.<\/p>\n","protected":false},"excerpt":{"rendered":"<p>El delantero espera definir pronto su futuro<\/p>\n","protected":false},"author":20,"featured_media":287962,"comment_status":"open","ping_status":"open","sticky":false,"template":"","format":"standard","meta":[],"categories":[2198,3845],"tags":[5961,331],"_links":{"self":[{"href":"http:\/\/desarrollo.grupomedios.com\/futbol\/wp-json\/wp\/v2\/posts\/287961"}],"collection":[{"href":"http:\/\/desarrollo.grupomedios.com\/futbol\/wp-json\/wp\/v2\/posts"}],"about":[{"href":"http:\/\/desarrollo.grupomedios.com\/futbol\/wp-json\/wp\/v2\/types\/post"}],"author":[{"embeddable":true,"href":"http:\/\/desarrollo.grupomedios.com\/futbol\/wp-json\/wp\/v2\/users\/20"}],"replies":[{"embeddable":true,"href":"http:\/\/desarrollo.grupomedios.com\/futbol\/wp-json\/wp\/v2\/comments?post=287961"}],"version-history":[{"count":0,"href":"http:\/\/desarrollo.grupomedios.com\/futbol\/wp-json\/wp\/v2\/posts\/287961\/revisions"}],"wp:featuredmedia":[{"embeddable":true,"href":"http:\/\/desarrollo.grupomedios.com\/futbol\/wp-json\/wp\/v2\/media\/287962"}],"wp:attachment":[{"href":"http:\/\/desarrollo.grupomedios.com\/futbol\/wp-json\/wp\/v2\/media?parent=287961"}],"wp:term":[{"taxonomy":"category","embeddable":true,"href":"http:\/\/desarrollo.grupomedios.com\/futbol\/wp-json\/wp\/v2\/categories?post=287961"},{"taxonomy":"post_tag","embeddable":true,"href":"http:\/\/desarrollo.grupomedios.com\/futbol\/wp-json\/wp\/v2\/tags?post=287961"}],"curies":[{"name":"wp","href":"https:\/\/api.w.org\/{rel}","templated":true}]}}