{"id":288014,"date":"2015-06-22T16:30:15","date_gmt":"2015-06-22T21:30:15","guid":{"rendered":"http:\/\/futboltotal.com.mx\/?p=288014"},"modified":"2015-06-22T16:35:48","modified_gmt":"2015-06-22T21:35:48","slug":"se-cocina-intercambio-raul-jimenez-por-jackson","status":"publish","type":"post","link":"http:\/\/desarrollo.grupomedios.com\/futbol\/destacado-home\/se-cocina-intercambio-raul-jimenez-por-jackson\/2015\/06","title":{"rendered":"Se cocina cambio Ra\u00fal Jim\u00e9nez por Jackson"},"content":{"rendered":"<p>El acuerdo por <strong>Jackson Mart\u00ednez<\/strong> entre el <strong>Atl\u00e9tico de Madrid<\/strong> y el Porto es inminente. El colombiano quiere vestir de rojiblanco y desde Espa\u00f1a est\u00e1n dispuestos a desembolsar la cl\u00e1usula de rescisi\u00f3n de 35 millones de euros. Para concretar la operaci\u00f3n, desde Manzanares est\u00e1n dispuestos a realizar intercambio de futbolistas para llegar a un acuerdo y en esa charla sali\u00f3 el nombre de <strong>Ra\u00fal Jim\u00e9nez<\/strong>. <\/p>\n<p>El atacante mexicano no cont\u00f3 con los minutos para mostrar su val\u00eda con los colchoneros, pero el club planea solo cederlo. En ese sentido, otros futbolistas que interesan a la escuadra lusa son el guardameta Moy\u00e1 y el espa\u00f1ol \u00d3liver Torres, \u00e9ste \u00faltimo ya con experiencia en el cuadro de <em>Do Dragao<\/em>, seg\u00fan revela el <em>Diario AS<\/em>.<\/p>\n<p>Regresando a la situaci\u00f3n de <strong>Ra\u00fal Jim\u00e9nez<\/strong>, hay varios clubes interesados en sus servicios. Benfica y M\u00f3naco llevan la delantera, pero al seleccionado <em>azteca<\/em> no le gustar\u00eda abandonar Espa\u00f1a (<a href=\"http:\/\/futboltotal.com.mx\/2015\/06\/raul-jimenez-muy-cerca-del-rayo-vallecano\/\">cuenta con un inter\u00e9s de parte del Rayo Vallecano en cesi\u00f3n<\/a>) para conseguir su carta de naturalizaci\u00f3n. <\/p>\n<p>El traspaso se cerrar\u00eda en los pr\u00f3ximos d\u00edas, sin embargo, todav\u00eda resta por ver si se pagar\u00e1 entera la cl\u00e1usula o si el Porto se quedar\u00e1 con los futbolistas que desea. <\/p>\n","protected":false},"excerpt":{"rendered":"<p>El conjunto espa\u00f1ol ofrece 35 millones y ceder\u00eda al mexicano, Moy\u00e1 y Torres<\/p>\n","protected":false},"author":20,"featured_media":288017,"comment_status":"open","ping_status":"open","sticky":false,"template":"","format":"standard","meta":[],"categories":[5,3839],"tags":[6007,6039,1208,742],"_links":{"self":[{"href":"http:\/\/desarrollo.grupomedios.com\/futbol\/wp-json\/wp\/v2\/posts\/288014"}],"collection":[{"href":"http:\/\/desarrollo.grupomedios.com\/futbol\/wp-json\/wp\/v2\/posts"}],"about":[{"href":"http:\/\/desarrollo.grupomedios.com\/futbol\/wp-json\/wp\/v2\/types\/post"}],"author":[{"embeddable":true,"href":"http:\/\/desarrollo.grupomedios.com\/futbol\/wp-json\/wp\/v2\/users\/20"}],"replies":[{"embeddable":true,"href":"http:\/\/desarrollo.grupomedios.com\/futbol\/wp-json\/wp\/v2\/comments?post=288014"}],"version-history":[{"count":0,"href":"http:\/\/desarrollo.grupomedios.com\/futbol\/wp-json\/wp\/v2\/posts\/288014\/revisions"}],"wp:featuredmedia":[{"embeddable":true,"href":"http:\/\/desarrollo.grupomedios.com\/futbol\/wp-json\/wp\/v2\/media\/288017"}],"wp:attachment":[{"href":"http:\/\/desarrollo.grupomedios.com\/futbol\/wp-json\/wp\/v2\/media?parent=288014"}],"wp:term":[{"taxonomy":"category","embeddable":true,"href":"http:\/\/desarrollo.grupomedios.com\/futbol\/wp-json\/wp\/v2\/categories?post=288014"},{"taxonomy":"post_tag","embeddable":true,"href":"http:\/\/desarrollo.grupomedios.com\/futbol\/wp-json\/wp\/v2\/tags?post=288014"}],"curies":[{"name":"wp","href":"https:\/\/api.w.org\/{rel}","templated":true}]}}