{"id":288015,"date":"2015-06-22T16:39:39","date_gmt":"2015-06-22T21:39:39","guid":{"rendered":"http:\/\/futboltotal.com.mx\/?p=288015"},"modified":"2015-06-22T16:40:59","modified_gmt":"2015-06-22T21:40:59","slug":"chepo-de-la-torre-defiende-a-piojo-herrera","status":"publish","type":"post","link":"http:\/\/desarrollo.grupomedios.com\/futbol\/futbol-mexicano\/chepo-de-la-torre-defiende-a-piojo-herrera\/2015\/06","title":{"rendered":"Chepo de la Torre defiende al Piojo Herrera"},"content":{"rendered":"<p>En conferencia de prensa, el director t\u00e9cnico de Chivas, <strong>Jos\u00e9 Manuel de la Torre<\/strong>, habl\u00f3 del porvenir del equipo, del <a href=\"http:\/\/futboltotal.com.mx\/2015\/06\/chivas-no-le-rogara-a-alan-pulido\/\" target=\"_blank\">caso Pulido<\/a>, y tambi\u00e9n sobre la situaci\u00f3n que vive el actual t\u00e9cnico del <em>Tricolor<\/em>, Miguel Herrera.<\/p>\n<p>Cuando dejaron a un lado el tema de Chivas, la prensa le cuestion\u00f3 al <em>Chepo<\/em> de la Torre sobre el <em>Piojo<\/em> Herrera, a lo que el t\u00e9cnico respondi\u00f3: &#8220;Dime qu\u00e9 entrenador en <strong>Selecci\u00f3n Mexicana<\/strong> ha salido limpio, vete a a\u00f1os atr\u00e1s, \u00bfcu\u00e1l ha salido limpio?, yo no tengo porqu\u00e9 hablar de este tema\u201d.<\/p>\n<p>De la Torre comprende la presi\u00f3n en la que se ha envuelto el t\u00e9cnico del <em>Tri<\/em>, &#8220;lo \u00fanico que puedo mostrarle es apoyo a \u00e9l, lo dem\u00e1s est\u00e1 fuera de mis manos&#8221;, a\u00f1adi\u00f3.<\/p>\n","protected":false},"excerpt":{"rendered":"<p>El t\u00e9cnico de las Chivas, dijo que manda su apoyo a Miguel Herrera<\/p>\n","protected":false},"author":20,"featured_media":288027,"comment_status":"open","ping_status":"open","sticky":false,"template":"","format":"standard","meta":[],"categories":[2198,3845,3847],"tags":[70,741,142,255],"_links":{"self":[{"href":"http:\/\/desarrollo.grupomedios.com\/futbol\/wp-json\/wp\/v2\/posts\/288015"}],"collection":[{"href":"http:\/\/desarrollo.grupomedios.com\/futbol\/wp-json\/wp\/v2\/posts"}],"about":[{"href":"http:\/\/desarrollo.grupomedios.com\/futbol\/wp-json\/wp\/v2\/types\/post"}],"author":[{"embeddable":true,"href":"http:\/\/desarrollo.grupomedios.com\/futbol\/wp-json\/wp\/v2\/users\/20"}],"replies":[{"embeddable":true,"href":"http:\/\/desarrollo.grupomedios.com\/futbol\/wp-json\/wp\/v2\/comments?post=288015"}],"version-history":[{"count":0,"href":"http:\/\/desarrollo.grupomedios.com\/futbol\/wp-json\/wp\/v2\/posts\/288015\/revisions"}],"wp:featuredmedia":[{"embeddable":true,"href":"http:\/\/desarrollo.grupomedios.com\/futbol\/wp-json\/wp\/v2\/media\/288027"}],"wp:attachment":[{"href":"http:\/\/desarrollo.grupomedios.com\/futbol\/wp-json\/wp\/v2\/media?parent=288015"}],"wp:term":[{"taxonomy":"category","embeddable":true,"href":"http:\/\/desarrollo.grupomedios.com\/futbol\/wp-json\/wp\/v2\/categories?post=288015"},{"taxonomy":"post_tag","embeddable":true,"href":"http:\/\/desarrollo.grupomedios.com\/futbol\/wp-json\/wp\/v2\/tags?post=288015"}],"curies":[{"name":"wp","href":"https:\/\/api.w.org\/{rel}","templated":true}]}}