{"id":288137,"date":"2015-06-23T09:40:39","date_gmt":"2015-06-23T14:40:39","guid":{"rendered":"http:\/\/futboltotal.com.mx\/?p=288137"},"modified":"2015-06-23T12:27:41","modified_gmt":"2015-06-23T17:27:41","slug":"zinedine-zidane-un-mago-inmortal","status":"publish","type":"post","link":"http:\/\/desarrollo.grupomedios.com\/futbol\/videos\/zinedine-zidane-un-mago-inmortal\/2015\/06","title":{"rendered":"Zinedine Zidane, un mago inmortal"},"content":{"rendered":"<p>&#8220;No empec\u00e9 a jugar al f\u00fatbol por hacer dinero, empec\u00e9 porque no pens\u00e9 que pudiera hacer otra cosa&#8221;, confesaba<strong> Zidane<\/strong> antes de convertirse en un bailar\u00edn de clase mundial. Nunca se imagin\u00f3 campe\u00f3n del Mundo en Francia 1998, Bal\u00f3n de Oro, Mejor Jugador de la UEFA Champions League, ni uno de los m\u00e1s grandes de todos los tiempos. Tampoco ejecutar una volea y convertirla en la novena Champions League del Real Madrid. Mucho menos le pas\u00f3 por la mente haber colgado las botas despu\u00e9s de quedar subcampe\u00f3n en el Mundial de Alemania 2006 y de haber golpeado el pecho de Materazzi, con un frentazo implacable como si se tratar\u00e1 de marcar el gol de su vida. Y todo porque siempre tuvo por bandera una filosf\u00eda ilustre: &#8220;El f\u00fatbol s\u00f3lo es bonito cuando no tienes ni idea de lo que va a pasar&#8221;.<\/p>\n<p>Han trascurrido nueve a\u00f1os desde que colg\u00f3 las botas frente a 150 periodistas despu\u00e9s de la disputa de su \u00faltima Copa el Mundo y sigue como un jugador eterno al que se le recuerda m\u00e1s que por goles por ser un bailar\u00edn que ejecutaba cualquier cantidad de regates y suertes y dejaba a los rivales con las ganas dequitarle el bal\u00f3n, que siempre iba imantado al pie. Hoy cumple 43 a\u00f1os. Y lo recordamos como siempre quiso: con el legado de jugadas que lo convierte en un mago inmortal.<\/p>\n<p>&#8220;Antes que un libro sobre m\u00ed, prefiero que hagan un DVD. La gente que me admira podr\u00e1 ver mis jugadas , tanto buenas como malas, pero en el libro se dir\u00e1n un sinf\u00edn de tonter\u00edas que jam\u00e1s dije o hice&#8221;. Mejor ver que contar&#8221;, dijo <em>Zizou. <\/em><\/p>\n<p><iframe loading=\"lazy\" src=\"https:\/\/www.youtube.com\/embed\/9GQjOCjac_U\" frameborder=\"0\" allowfullscreen=\"allowfullscreen\"><\/iframe><\/p>\n","protected":false},"excerpt":{"rendered":"<p>En el cumplea\u00f1os n\u00famero 43 del crack franc\u00e9s recordamos a Zidane como siempre anhelo.<\/p>\n","protected":false},"author":20,"featured_media":288140,"comment_status":"open","ping_status":"open","sticky":false,"template":"","format":"standard","meta":[],"categories":[3839,4],"tags":[413,5988,2943],"_links":{"self":[{"href":"http:\/\/desarrollo.grupomedios.com\/futbol\/wp-json\/wp\/v2\/posts\/288137"}],"collection":[{"href":"http:\/\/desarrollo.grupomedios.com\/futbol\/wp-json\/wp\/v2\/posts"}],"about":[{"href":"http:\/\/desarrollo.grupomedios.com\/futbol\/wp-json\/wp\/v2\/types\/post"}],"author":[{"embeddable":true,"href":"http:\/\/desarrollo.grupomedios.com\/futbol\/wp-json\/wp\/v2\/users\/20"}],"replies":[{"embeddable":true,"href":"http:\/\/desarrollo.grupomedios.com\/futbol\/wp-json\/wp\/v2\/comments?post=288137"}],"version-history":[{"count":0,"href":"http:\/\/desarrollo.grupomedios.com\/futbol\/wp-json\/wp\/v2\/posts\/288137\/revisions"}],"wp:featuredmedia":[{"embeddable":true,"href":"http:\/\/desarrollo.grupomedios.com\/futbol\/wp-json\/wp\/v2\/media\/288140"}],"wp:attachment":[{"href":"http:\/\/desarrollo.grupomedios.com\/futbol\/wp-json\/wp\/v2\/media?parent=288137"}],"wp:term":[{"taxonomy":"category","embeddable":true,"href":"http:\/\/desarrollo.grupomedios.com\/futbol\/wp-json\/wp\/v2\/categories?post=288137"},{"taxonomy":"post_tag","embeddable":true,"href":"http:\/\/desarrollo.grupomedios.com\/futbol\/wp-json\/wp\/v2\/tags?post=288137"}],"curies":[{"name":"wp","href":"https:\/\/api.w.org\/{rel}","templated":true}]}}