{"id":288164,"date":"2015-06-23T11:51:34","date_gmt":"2015-06-23T16:51:34","guid":{"rendered":"http:\/\/futboltotal.com.mx\/?p=288164"},"modified":"2015-06-23T11:51:34","modified_gmt":"2015-06-23T16:51:34","slug":"cristian-tabo-seria-nuevo-refuerzo-del-atlas","status":"publish","type":"post","link":"http:\/\/desarrollo.grupomedios.com\/futbol\/futbol-mexicano\/cristian-tabo-seria-nuevo-refuerzo-del-atlas\/2015\/06","title":{"rendered":"Cristian Tab\u00f3 ser\u00eda nuevo refuerzo del Atlas"},"content":{"rendered":"<p>El volante uruguayo, <strong>Cristian Tab\u00f3<\/strong>, ser\u00eda el nuevo refuerzo del <strong><a href=\"http:\/\/futboltotal.com.mx\/equipos\/atlas\/\" target=\"_blank\">Atlas<\/a><\/strong> para el Apertura 2015 de la <strong><a href=\"http:\/\/futboltotal.com.mx\/futbol-mexicano\/liga-mx\/\" target=\"_blank\">Liga MX<\/a>.<\/strong> El futbolista de 21 a\u00f1os llegar\u00eda procedente del Racing de Uruguay, aunque los \u00faltimos seis meses los jug\u00f3 a pr\u00e9stamo con el Nacional.<\/p>\n<p>Seg\u00fan indica una fuente cercana al club. <strong>Cristian Tab\u00f3<\/strong> ya lleg\u00f3 a un acuerdo con los <em>Zorros<\/em> y solo deber\u00e1 presentar los ex\u00e1menes m\u00e9dicos para estampar su firma en el contrato con el cuadro <em>jalisciense<\/em>.<\/p>\n<p><strong>Atlas<\/strong> habr\u00eda pagado al Racing un mill\u00f3n de euros por los servicios de <strong>Tab\u00f3<\/strong>, quien estar\u00eda en M\u00e9xico por los pr\u00f3ximos tres a\u00f1os.<\/p>\n<p>En el pasado semestre con el Nacional, <strong>Cristian Tab\u00f3<\/strong> solo vio acci\u00f3n en ocho partidos, donde sum\u00f3 304 minutos y no marc\u00f3 gol.<\/p>\n<p>El uruguayo ser\u00eda el cuarto extranjero del <strong>Atlas<\/strong>, quien a\u00fan cuenta con una plaza libre que podr\u00eda ser para un medio de contenci\u00f3n. De momento tienen a: Walter Kannemann, Luis Caballero y Gonzalo Bergessio.<\/p>\n","protected":false},"excerpt":{"rendered":"<p>El atacante uruguayo est\u00e1 a una firma de los Zorros<\/p>\n","protected":false},"author":20,"featured_media":288167,"comment_status":"open","ping_status":"open","sticky":false,"template":"","format":"standard","meta":[],"categories":[2198,3845],"tags":[5961,3154],"_links":{"self":[{"href":"http:\/\/desarrollo.grupomedios.com\/futbol\/wp-json\/wp\/v2\/posts\/288164"}],"collection":[{"href":"http:\/\/desarrollo.grupomedios.com\/futbol\/wp-json\/wp\/v2\/posts"}],"about":[{"href":"http:\/\/desarrollo.grupomedios.com\/futbol\/wp-json\/wp\/v2\/types\/post"}],"author":[{"embeddable":true,"href":"http:\/\/desarrollo.grupomedios.com\/futbol\/wp-json\/wp\/v2\/users\/20"}],"replies":[{"embeddable":true,"href":"http:\/\/desarrollo.grupomedios.com\/futbol\/wp-json\/wp\/v2\/comments?post=288164"}],"version-history":[{"count":0,"href":"http:\/\/desarrollo.grupomedios.com\/futbol\/wp-json\/wp\/v2\/posts\/288164\/revisions"}],"wp:featuredmedia":[{"embeddable":true,"href":"http:\/\/desarrollo.grupomedios.com\/futbol\/wp-json\/wp\/v2\/media\/288167"}],"wp:attachment":[{"href":"http:\/\/desarrollo.grupomedios.com\/futbol\/wp-json\/wp\/v2\/media?parent=288164"}],"wp:term":[{"taxonomy":"category","embeddable":true,"href":"http:\/\/desarrollo.grupomedios.com\/futbol\/wp-json\/wp\/v2\/categories?post=288164"},{"taxonomy":"post_tag","embeddable":true,"href":"http:\/\/desarrollo.grupomedios.com\/futbol\/wp-json\/wp\/v2\/tags?post=288164"}],"curies":[{"name":"wp","href":"https:\/\/api.w.org\/{rel}","templated":true}]}}