{"id":288204,"date":"2015-06-23T13:18:12","date_gmt":"2015-06-23T18:18:12","guid":{"rendered":"http:\/\/futboltotal.com.mx\/?p=288204"},"modified":"2015-06-23T13:18:12","modified_gmt":"2015-06-23T18:18:12","slug":"la-lujosa-casa-rodante-de-checo-perez","status":"publish","type":"post","link":"http:\/\/desarrollo.grupomedios.com\/futbol\/cambio-de-juego\/la-lujosa-casa-rodante-de-checo-perez\/2015\/06","title":{"rendered":"La lujosa casa rodante de Checo P\u00e9rez"},"content":{"rendered":"<p>Cuando la temporada de <strong>F\u00f3rmula 1<\/strong> se traslada a Europa, el piloto mexicano <strong>Checo P\u00e9rez<\/strong> prefiere quedarse en una casa rodante, muy lujosa por cierto, a tener que trasladarse de hotel en hotel. As\u00ed fue que mostr\u00f3 cada rinc\u00f3n de su hogar para el canal de <em>F<\/em>1 en Latinoam\u00e9rica. <\/p>\n<p><iframe loading=\"lazy\" src=\"https:\/\/www.youtube.com\/embed\/rr04aKam0ic\" frameborder=\"0\" allowfullscreen><\/iframe><\/p>\n","protected":false},"excerpt":{"rendered":"<p>El piloto mexicano prefiere evitar los hoteles y vive feliz de esa forma<\/p>\n","protected":false},"author":20,"featured_media":288206,"comment_status":"open","ping_status":"open","sticky":false,"template":"","format":"standard","meta":[],"categories":[5419],"tags":[5480,5493],"_links":{"self":[{"href":"http:\/\/desarrollo.grupomedios.com\/futbol\/wp-json\/wp\/v2\/posts\/288204"}],"collection":[{"href":"http:\/\/desarrollo.grupomedios.com\/futbol\/wp-json\/wp\/v2\/posts"}],"about":[{"href":"http:\/\/desarrollo.grupomedios.com\/futbol\/wp-json\/wp\/v2\/types\/post"}],"author":[{"embeddable":true,"href":"http:\/\/desarrollo.grupomedios.com\/futbol\/wp-json\/wp\/v2\/users\/20"}],"replies":[{"embeddable":true,"href":"http:\/\/desarrollo.grupomedios.com\/futbol\/wp-json\/wp\/v2\/comments?post=288204"}],"version-history":[{"count":0,"href":"http:\/\/desarrollo.grupomedios.com\/futbol\/wp-json\/wp\/v2\/posts\/288204\/revisions"}],"wp:featuredmedia":[{"embeddable":true,"href":"http:\/\/desarrollo.grupomedios.com\/futbol\/wp-json\/wp\/v2\/media\/288206"}],"wp:attachment":[{"href":"http:\/\/desarrollo.grupomedios.com\/futbol\/wp-json\/wp\/v2\/media?parent=288204"}],"wp:term":[{"taxonomy":"category","embeddable":true,"href":"http:\/\/desarrollo.grupomedios.com\/futbol\/wp-json\/wp\/v2\/categories?post=288204"},{"taxonomy":"post_tag","embeddable":true,"href":"http:\/\/desarrollo.grupomedios.com\/futbol\/wp-json\/wp\/v2\/tags?post=288204"}],"curies":[{"name":"wp","href":"https:\/\/api.w.org\/{rel}","templated":true}]}}