{"id":288308,"date":"2015-06-23T18:13:35","date_gmt":"2015-06-23T23:13:35","guid":{"rendered":"http:\/\/futboltotal.com.mx\/?p=288308"},"modified":"2015-06-23T18:13:35","modified_gmt":"2015-06-23T23:13:35","slug":"cirilo-saucedo-si-jugara-con-morelia","status":"publish","type":"post","link":"http:\/\/desarrollo.grupomedios.com\/futbol\/futbol-mexicano\/cirilo-saucedo-si-jugara-con-morelia\/2015\/06","title":{"rendered":"Cirilo Saucedo s\u00ed jugar\u00e1 con Morelia"},"content":{"rendered":"<p>El pasado jueves 18 de junio <a href=\"http:\/\/futboltotal.com.mx\/2015\/06\/cirilo-saucedo-no-jugara-con-morelia\/\" target=\"_blank\"><strong>Morelia<\/strong> dio a conocer que no lleg\u00f3 a un acuerdo con <strong>Cirilo Saucedo,<\/strong><\/a> por lo cual el exTijuana ten\u00eda que buscar nuevos horizontes; cinco d\u00edas despu\u00e9s cambiaron de opini\u00f3n y le dieron la bienvenida al portero.<\/p>\n<p>Diferencias econ\u00f3micas hab\u00edan trabado la negociaci\u00f3n con <strong>Cirilo Saucedo<\/strong>, mismas que se arreglaron en los \u00faltimos d\u00edas, al igual de lo sucedido con el chileno Rodrigo Millar, quien tambi\u00e9n es nuevo refuerzo de Monarcas.<\/p>\n<p>\u201cNuestros refuerzos <strong>Cirilo Saucedo<\/strong> y Rodrigo Millar ya entrenan con el equipo. Bienvenidos, vamos #ConTodaLaFuerza\u201d, escribi\u00f3 la cuenta de <em>Twitter<\/em> de <strong><a href=\"http:\/\/futboltotal.com.mx\/equipos\/morelia\/\" target=\"_blank\">Morelia<\/a><\/strong>.<\/p>\n<p>Estos dos futbolistas se unen a las llegadas de Cristian Pellerano, Carlos Ochoa, Facundo Erpen, Enrique P\u00e9rez, Juan Pablo Rodr\u00edguez y Dieter Villalpando.<\/p>\n","protected":false},"excerpt":{"rendered":"<p>Se integr\u00f3 al plantel junto a Rodrigo Millar<\/p>\n","protected":false},"author":20,"featured_media":288318,"comment_status":"open","ping_status":"open","sticky":false,"template":"","format":"standard","meta":[],"categories":[2198,3845],"tags":[449,5967],"_links":{"self":[{"href":"http:\/\/desarrollo.grupomedios.com\/futbol\/wp-json\/wp\/v2\/posts\/288308"}],"collection":[{"href":"http:\/\/desarrollo.grupomedios.com\/futbol\/wp-json\/wp\/v2\/posts"}],"about":[{"href":"http:\/\/desarrollo.grupomedios.com\/futbol\/wp-json\/wp\/v2\/types\/post"}],"author":[{"embeddable":true,"href":"http:\/\/desarrollo.grupomedios.com\/futbol\/wp-json\/wp\/v2\/users\/20"}],"replies":[{"embeddable":true,"href":"http:\/\/desarrollo.grupomedios.com\/futbol\/wp-json\/wp\/v2\/comments?post=288308"}],"version-history":[{"count":0,"href":"http:\/\/desarrollo.grupomedios.com\/futbol\/wp-json\/wp\/v2\/posts\/288308\/revisions"}],"wp:featuredmedia":[{"embeddable":true,"href":"http:\/\/desarrollo.grupomedios.com\/futbol\/wp-json\/wp\/v2\/media\/288318"}],"wp:attachment":[{"href":"http:\/\/desarrollo.grupomedios.com\/futbol\/wp-json\/wp\/v2\/media?parent=288308"}],"wp:term":[{"taxonomy":"category","embeddable":true,"href":"http:\/\/desarrollo.grupomedios.com\/futbol\/wp-json\/wp\/v2\/categories?post=288308"},{"taxonomy":"post_tag","embeddable":true,"href":"http:\/\/desarrollo.grupomedios.com\/futbol\/wp-json\/wp\/v2\/tags?post=288308"}],"curies":[{"name":"wp","href":"https:\/\/api.w.org\/{rel}","templated":true}]}}