{"id":288368,"date":"2015-06-24T10:18:51","date_gmt":"2015-06-24T15:18:51","guid":{"rendered":"http:\/\/futboltotal.com.mx\/?p=288368"},"modified":"2015-06-24T13:38:14","modified_gmt":"2015-06-24T18:38:14","slug":"sergio-ramos-puede-dejar-el-real-madrid","status":"publish","type":"post","link":"http:\/\/desarrollo.grupomedios.com\/futbol\/futbol-internacional\/sergio-ramos-puede-dejar-el-real-madrid\/2015\/06","title":{"rendered":"Sergio Ramos puede dejar el Real Madrid"},"content":{"rendered":"<p>Tras una semana en la que no ha llegado a un acuerdo para renovar su contrato con el <strong>Real Madrid<\/strong> e incluso fue colocado en la \u00f3rbita del Manchester United como parte de la operaci\u00f3n para fichar al portero David de Gea, el defensa <strong>Sergio Ramos<\/strong> tiene en vilo su continuidad en la <em>Casa Blanca<\/em> para la pr\u00f3xima temporada.<\/p>\n<p>Este mi\u00e9rcoles, <strong>Ramos <\/strong>acudi\u00f3 a Valdebebeas para entrevistarse con Jos\u00e9 \u00c1ngel S\u00e1nchez, director general del club, y le expres\u00f3 su deseo de cambiar de aires, debido a que el club no est\u00e1 dispuesto a renovarle el contrato con el pago de 10 millones de euros por temporada. El Real Madrid le ofrece como m\u00e1ximo un incremento hasta lo 7mde, mismo que habr\u00eda declinado tanto el zaguero como su hermano y representante, Ren\u00e9 Ramos.<\/p>\n<p>El defensa tiene contrato hasta 2017 y tiene una cl\u00e1usula de rescisi\u00f3n de 200 millones de euros, cifra que ning\u00fan club podr\u00eda pagar. Por ello la entidad hab\u00eda contemplado incluirlo como parte la operaci\u00f3n para fichar al guardameta David de Gea. Los pr\u00f3ximos d\u00edas ser\u00e1n clave para definir el futuro de <strong>Ramos<\/strong>, cuya salida podr\u00eda darse por falta de un acuerdo en la renovaci\u00f3n y a petici\u00f3n expresa del propio jugador, seg\u00fan revela el diario<em> AS<\/em>.<\/p>\n","protected":false},"excerpt":{"rendered":"<p>La falta de acuerdo en la renovaci\u00f3n tiene en vilo el futuro del defensa merengue<\/p>\n","protected":false},"author":20,"featured_media":288375,"comment_status":"open","ping_status":"open","sticky":false,"template":"","format":"standard","meta":[],"categories":[3839,3844],"tags":[43,5988,6020],"_links":{"self":[{"href":"http:\/\/desarrollo.grupomedios.com\/futbol\/wp-json\/wp\/v2\/posts\/288368"}],"collection":[{"href":"http:\/\/desarrollo.grupomedios.com\/futbol\/wp-json\/wp\/v2\/posts"}],"about":[{"href":"http:\/\/desarrollo.grupomedios.com\/futbol\/wp-json\/wp\/v2\/types\/post"}],"author":[{"embeddable":true,"href":"http:\/\/desarrollo.grupomedios.com\/futbol\/wp-json\/wp\/v2\/users\/20"}],"replies":[{"embeddable":true,"href":"http:\/\/desarrollo.grupomedios.com\/futbol\/wp-json\/wp\/v2\/comments?post=288368"}],"version-history":[{"count":0,"href":"http:\/\/desarrollo.grupomedios.com\/futbol\/wp-json\/wp\/v2\/posts\/288368\/revisions"}],"wp:featuredmedia":[{"embeddable":true,"href":"http:\/\/desarrollo.grupomedios.com\/futbol\/wp-json\/wp\/v2\/media\/288375"}],"wp:attachment":[{"href":"http:\/\/desarrollo.grupomedios.com\/futbol\/wp-json\/wp\/v2\/media?parent=288368"}],"wp:term":[{"taxonomy":"category","embeddable":true,"href":"http:\/\/desarrollo.grupomedios.com\/futbol\/wp-json\/wp\/v2\/categories?post=288368"},{"taxonomy":"post_tag","embeddable":true,"href":"http:\/\/desarrollo.grupomedios.com\/futbol\/wp-json\/wp\/v2\/tags?post=288368"}],"curies":[{"name":"wp","href":"https:\/\/api.w.org\/{rel}","templated":true}]}}