{"id":288442,"date":"2015-06-24T13:29:35","date_gmt":"2015-06-24T18:29:35","guid":{"rendered":"http:\/\/futboltotal.com.mx\/?p=288442"},"modified":"2015-06-24T14:06:22","modified_gmt":"2015-06-24T19:06:22","slug":"omar-govea-a-un-paso-del-porto","status":"publish","type":"post","link":"http:\/\/desarrollo.grupomedios.com\/futbol\/destacado-home\/omar-govea-a-un-paso-del-porto\/2015\/06","title":{"rendered":"Omar Govea, a un paso del Porto"},"content":{"rendered":"<p>Tras fichar <a href=\"http:\/\/futboltotal.com.mx\/2015\/06\/porto-ejerce-opcion-de-compra-por-raul-gudino\/\">de manera definitiva al portero Ra\u00fal Gudi\u00f1o<\/a>, el <strong>Porto<\/strong> sigue a la caza de talentos de \u00faltima generaci\u00f3n en M\u00e9xico y uno de las incorporaciones que tendr\u00e1 para la temporada 2015-16 es la del mediocampista<strong> Omar Nicol\u00e1s Goveoa.<\/strong><\/p>\n<p><strong>Govea<\/strong>, cuya carta pertenece al Am\u00e9rica y termin\u00f3\u00a0 una cesi\u00f3n con <em>Mineros<\/em> de Zacatecas, est\u00e1 &#8220;muy cerca&#8221; de concretar su llegada al cuadro portugu\u00e9s, que negocia su traspaso por un a\u00f1o en calidad de pr\u00e9stamo con opci\u00f3n a compra definitiva si es que logra cumplir un papel notable con el <strong>Porto<\/strong> B, seg\u00fan <em>ESPN.<\/em><\/p>\n<p>El <strong>Porto<\/strong> puso en \u00f3rbita el traspaso desde el pasado Mundial Sub-17, donde sigui\u00f3 con lupa las progresiones de Govea. Seis meses despu\u00e9s, la directiva del equipo no dud\u00f3 en negociar con las <em>\u00c1guilas, <\/em>que pretend\u00edan incorporar al jugador al primer equipo dirigido por Ignacio Ambriz.<\/p>\n<p>Goeva reportar\u00e1 en los pr\u00f3ximos d\u00edas con el <strong>Porto<\/strong> y se convertir\u00e1 en el cuarto drag\u00f3n <em>azteca<\/em>, despu\u00e9s de las incorporaciones de Diego Reyes, H\u00e9ctor Herrera y Ra\u00fal Gudi\u00f1o.<\/p>\n","protected":false},"excerpt":{"rendered":"<p>Los Dragones negocian con Am\u00e9rica el traspaso del mediocampista mexicano<\/p>\n","protected":false},"author":20,"featured_media":288445,"comment_status":"open","ping_status":"open","sticky":false,"template":"","format":"standard","meta":[],"categories":[5,3839,2198],"tags":[5612,1208],"_links":{"self":[{"href":"http:\/\/desarrollo.grupomedios.com\/futbol\/wp-json\/wp\/v2\/posts\/288442"}],"collection":[{"href":"http:\/\/desarrollo.grupomedios.com\/futbol\/wp-json\/wp\/v2\/posts"}],"about":[{"href":"http:\/\/desarrollo.grupomedios.com\/futbol\/wp-json\/wp\/v2\/types\/post"}],"author":[{"embeddable":true,"href":"http:\/\/desarrollo.grupomedios.com\/futbol\/wp-json\/wp\/v2\/users\/20"}],"replies":[{"embeddable":true,"href":"http:\/\/desarrollo.grupomedios.com\/futbol\/wp-json\/wp\/v2\/comments?post=288442"}],"version-history":[{"count":0,"href":"http:\/\/desarrollo.grupomedios.com\/futbol\/wp-json\/wp\/v2\/posts\/288442\/revisions"}],"wp:featuredmedia":[{"embeddable":true,"href":"http:\/\/desarrollo.grupomedios.com\/futbol\/wp-json\/wp\/v2\/media\/288445"}],"wp:attachment":[{"href":"http:\/\/desarrollo.grupomedios.com\/futbol\/wp-json\/wp\/v2\/media?parent=288442"}],"wp:term":[{"taxonomy":"category","embeddable":true,"href":"http:\/\/desarrollo.grupomedios.com\/futbol\/wp-json\/wp\/v2\/categories?post=288442"},{"taxonomy":"post_tag","embeddable":true,"href":"http:\/\/desarrollo.grupomedios.com\/futbol\/wp-json\/wp\/v2\/tags?post=288442"}],"curies":[{"name":"wp","href":"https:\/\/api.w.org\/{rel}","templated":true}]}}