{"id":288453,"date":"2015-06-24T14:05:30","date_gmt":"2015-06-24T19:05:30","guid":{"rendered":"http:\/\/futboltotal.com.mx\/?p=288453"},"modified":"2015-06-24T14:07:35","modified_gmt":"2015-06-24T19:07:35","slug":"atlas-buscaria-repatriar-a-memo-ochoa","status":"publish","type":"post","link":"http:\/\/desarrollo.grupomedios.com\/futbol\/destacado-home\/atlas-buscaria-repatriar-a-memo-ochoa\/2015\/06","title":{"rendered":"Atlas buscar\u00eda repatriar a Memo Ochoa"},"content":{"rendered":"<p>El futuro de <strong>Memo Ochoa<\/strong> en Europa es una inc\u00f3gnita. Ante su posible salida del <strong>M\u00e1laga<\/strong> por la falta de actividad parece que el <strong><a href=\"http:\/\/futboltotal.com.mx\/equipos\/atlas\/\" target=\"_blank\">Atlas<\/a><\/strong> ser\u00eda el equipo que levantar\u00eda la mano para repatriar al mexicano.<\/p>\n<p>Seg\u00fan reportan diversas fuentes, la meta de <strong>Memo Ochoa<\/strong> es mantenerse en el futbol europeo, pero de no recibir una oferta formal al t\u00e9rmino de Copa Oro analizar\u00eda la opci\u00f3n de regresar a la <strong><a href=\"http:\/\/futboltotal.com.mx\/futbol-mexicano\/liga-mx\/\" target=\"_blank\">Liga MX.<\/a><\/strong><\/p>\n<p>La falta de minutos y las ganas de regresar a la titularidad ser\u00edan las principales cartas que le presentar\u00edan los <em>Zorros<\/em> al guardameta, quien tomar\u00eda la titularidad por encima del naturalizado Miguel Pinto.<\/p>\n<p>La principal traba para que <strong>Memo Ochoa<\/strong> pudiera arribar al <strong>Atlas<\/strong> ser\u00eda del M\u00e1laga, quien al ser due\u00f1o de la carta del guardameta buscar\u00eda mantenerlo en el club, en su defecto buscar un acuerdo con otro equipo de Europa para que no pierda de su valor.<\/p>\n<p>Adem\u00e1s, debido al pacto de caballeros, Am\u00e9rica deber\u00eda dar el s\u00ed para que los Zorros busquen al guardameta mundialista en Brasil 2014.<\/p>\n<p>\u00bfLes gustar\u00eda ver de regreso a <strong>Memo Ochoa,<\/strong> <em>cracks<\/em>?<\/p>\n","protected":false},"excerpt":{"rendered":"<p>Los Rojinegros intentar\u00edan contratar al guardameta <\/p>\n","protected":false},"author":20,"featured_media":288454,"comment_status":"open","ping_status":"open","sticky":false,"template":"","format":"standard","meta":[],"categories":[5,2198,3845],"tags":[306,679],"_links":{"self":[{"href":"http:\/\/desarrollo.grupomedios.com\/futbol\/wp-json\/wp\/v2\/posts\/288453"}],"collection":[{"href":"http:\/\/desarrollo.grupomedios.com\/futbol\/wp-json\/wp\/v2\/posts"}],"about":[{"href":"http:\/\/desarrollo.grupomedios.com\/futbol\/wp-json\/wp\/v2\/types\/post"}],"author":[{"embeddable":true,"href":"http:\/\/desarrollo.grupomedios.com\/futbol\/wp-json\/wp\/v2\/users\/20"}],"replies":[{"embeddable":true,"href":"http:\/\/desarrollo.grupomedios.com\/futbol\/wp-json\/wp\/v2\/comments?post=288453"}],"version-history":[{"count":0,"href":"http:\/\/desarrollo.grupomedios.com\/futbol\/wp-json\/wp\/v2\/posts\/288453\/revisions"}],"wp:featuredmedia":[{"embeddable":true,"href":"http:\/\/desarrollo.grupomedios.com\/futbol\/wp-json\/wp\/v2\/media\/288454"}],"wp:attachment":[{"href":"http:\/\/desarrollo.grupomedios.com\/futbol\/wp-json\/wp\/v2\/media?parent=288453"}],"wp:term":[{"taxonomy":"category","embeddable":true,"href":"http:\/\/desarrollo.grupomedios.com\/futbol\/wp-json\/wp\/v2\/categories?post=288453"},{"taxonomy":"post_tag","embeddable":true,"href":"http:\/\/desarrollo.grupomedios.com\/futbol\/wp-json\/wp\/v2\/tags?post=288453"}],"curies":[{"name":"wp","href":"https:\/\/api.w.org\/{rel}","templated":true}]}}