{"id":288490,"date":"2015-06-24T15:59:44","date_gmt":"2015-06-24T20:59:44","guid":{"rendered":"http:\/\/futboltotal.com.mx\/?p=288490"},"modified":"2015-06-24T15:59:44","modified_gmt":"2015-06-24T20:59:44","slug":"donde-jugara-lucas-lobos","status":"publish","type":"post","link":"http:\/\/desarrollo.grupomedios.com\/futbol\/futbol-mexicano\/donde-jugara-lucas-lobos\/2015\/06","title":{"rendered":"\u00bfD\u00f3nde jugar\u00e1 Lucas Lobos?"},"content":{"rendered":"<p><a href=\"http:\/\/futboltotal.com.mx\/2015\/06\/lucas-lobos-encabeza-transferibles-del-toluca\/\" target=\"_blank\"><strong>Toluca puso transferible a Lucas Lobos,<\/strong><\/a> pero tras terminar el Draft de la<strong> Liga MX<\/strong> el naturalizado mexicano no encontr\u00f3 acomodo y parec\u00eda se quedaba sin equipo. Este mi\u00e9rcoles los <em>Diablos<\/em> confirmaron que el atacante sigue siendo parte del club.<\/p>\n<p>Durante la presentaci\u00f3n de los refuerzos de los <em>Diablos<\/em>, Jaime Le\u00f3n, director deportivo del equipo, sentenci\u00f3 que<strong> Lucas Lobos<\/strong> sigue formando parte del equipo, incluso el nacido en Argentina se manten\u00eda trabajando con el resto del plantel.<\/p>\n<p>A diferencia de <strong>Lucas Lobos,<\/strong> el que no encontr\u00f3 lugar en el Draft y no seguir\u00e1 en la instituci\u00f3n es el colombiano V\u00edctor Hugo Monta\u00f1o; la directiva mexiquense asegur\u00f3 que el delantero ya qued\u00f3 desligado del plantel.<\/p>\n<p>Con ello, Toluca mueve sus fichas para el <a href=\"http:\/\/futboltotal.com.mx\/futbol-mexicano\/liga-mx\/\" target=\"_blank\"><strong>Apertura 2015,<\/strong> <\/a>incluso a\u00fan esperar a un refuerzo m\u00e1s que llegar\u00eda desde Sudam\u00e9rica. Seg\u00fan palabras del t\u00e9cnico, Jos\u00e9 Saturnino Cardozo, se tratar\u00eda de un volante creativo.<\/p>\n","protected":false},"excerpt":{"rendered":"<p>En Toluca afirman que sigue siendo parte del equipo<\/p>\n","protected":false},"author":20,"featured_media":288493,"comment_status":"open","ping_status":"open","sticky":false,"template":"","format":"standard","meta":[],"categories":[2198,3845],"tags":[315,5975],"_links":{"self":[{"href":"http:\/\/desarrollo.grupomedios.com\/futbol\/wp-json\/wp\/v2\/posts\/288490"}],"collection":[{"href":"http:\/\/desarrollo.grupomedios.com\/futbol\/wp-json\/wp\/v2\/posts"}],"about":[{"href":"http:\/\/desarrollo.grupomedios.com\/futbol\/wp-json\/wp\/v2\/types\/post"}],"author":[{"embeddable":true,"href":"http:\/\/desarrollo.grupomedios.com\/futbol\/wp-json\/wp\/v2\/users\/20"}],"replies":[{"embeddable":true,"href":"http:\/\/desarrollo.grupomedios.com\/futbol\/wp-json\/wp\/v2\/comments?post=288490"}],"version-history":[{"count":0,"href":"http:\/\/desarrollo.grupomedios.com\/futbol\/wp-json\/wp\/v2\/posts\/288490\/revisions"}],"wp:featuredmedia":[{"embeddable":true,"href":"http:\/\/desarrollo.grupomedios.com\/futbol\/wp-json\/wp\/v2\/media\/288493"}],"wp:attachment":[{"href":"http:\/\/desarrollo.grupomedios.com\/futbol\/wp-json\/wp\/v2\/media?parent=288490"}],"wp:term":[{"taxonomy":"category","embeddable":true,"href":"http:\/\/desarrollo.grupomedios.com\/futbol\/wp-json\/wp\/v2\/categories?post=288490"},{"taxonomy":"post_tag","embeddable":true,"href":"http:\/\/desarrollo.grupomedios.com\/futbol\/wp-json\/wp\/v2\/tags?post=288490"}],"curies":[{"name":"wp","href":"https:\/\/api.w.org\/{rel}","templated":true}]}}