{"id":288523,"date":"2015-06-24T18:05:47","date_gmt":"2015-06-24T23:05:47","guid":{"rendered":"http:\/\/futboltotal.com.mx\/?p=288523"},"modified":"2015-06-24T18:06:28","modified_gmt":"2015-06-24T23:06:28","slug":"en-cruz-azul-esperan-a-sergio-garcia","status":"publish","type":"post","link":"http:\/\/desarrollo.grupomedios.com\/futbol\/futbol-mexicano\/en-cruz-azul-esperan-a-sergio-garcia\/2015\/06","title":{"rendered":"En Cruz Azul esperan a Sergio Garc\u00eda"},"content":{"rendered":"<p><a href=\"http:\/\/futboltotal.com.mx\/equipos\/cruz-azul\/\" target=\"_blank\"><strong>Cruz Azul<\/strong> <\/a>busca continuar el armado del equipo para el Apertura 2015 de la <strong>Liga MX,<\/strong> motivo por el cual a\u00fan tiene la esperanza de contar con l<a href=\"http:\/\/futboltotal.com.mx\/2015\/06\/cruz-azul-pelea-con-qatar-por-sergio-garcia\/\" target=\"_blank\">os servicios del delantero espa\u00f1ol, <strong>Sergio Garc\u00eda.<\/strong><\/a><\/p>\n<p>Sergio Bueno, t\u00e9cnico <em>cementero<\/em>, dijo que el tema de <strong>Sergio Garc\u00eda<\/strong> se encuentra detenido, pero espera que en los siguientes d\u00edas se pueda cerrar el fichaje; en caso de que no se d\u00e9, entonces ya analizan otras opciones en el ataque.<\/p>\n<p>&#8220;Ya est\u00e1 concretado Fabio Santos y Ariel Rojas, los otros refuerzos si se han alentado un poco, es la realidad. El caso de<strong>\u00a0Sergio Garc\u00eda<\/strong>\u00a0es una opci\u00f3n muy importante que no se ha podido cristalizar, se est\u00e1n concretado otras posibilidades y en el transcurso de esta semana esperamos que ya quedara totalmente amarrado&#8221;, dijo Bueno en entrevista con <em>TR<\/em>.<\/p>\n<p>Asimismo, el timonel de <em>La M\u00e1quina<\/em> no descart\u00f3 la posibilidad de buscar los servicios del atacante naturalizado, Vicente Mat\u00edas Vuoso, aunque de momento solo lo ve como una opci\u00f3n.<\/p>\n<p>&#8220;La realidad es que no lo hemos plateado, pero no hay que dejarlo de lado. He estado al pendiente de su manifestaci\u00f3n en la pasada Copa Am\u00e9rica, donde sabemos tuvo una participaci\u00f3n aceptable y por ese estatus de seleccionado nacional hay tiempo de maniobra para valorar&#8221;, finaliz\u00f3.<\/p>\n","protected":false},"excerpt":{"rendered":"<p>El t\u00e9cnico cementero quiere tener noticias esta semana<\/p>\n","protected":false},"author":20,"featured_media":288533,"comment_status":"open","ping_status":"open","sticky":false,"template":"","format":"standard","meta":[],"categories":[2198,3845],"tags":[5962,5214],"_links":{"self":[{"href":"http:\/\/desarrollo.grupomedios.com\/futbol\/wp-json\/wp\/v2\/posts\/288523"}],"collection":[{"href":"http:\/\/desarrollo.grupomedios.com\/futbol\/wp-json\/wp\/v2\/posts"}],"about":[{"href":"http:\/\/desarrollo.grupomedios.com\/futbol\/wp-json\/wp\/v2\/types\/post"}],"author":[{"embeddable":true,"href":"http:\/\/desarrollo.grupomedios.com\/futbol\/wp-json\/wp\/v2\/users\/20"}],"replies":[{"embeddable":true,"href":"http:\/\/desarrollo.grupomedios.com\/futbol\/wp-json\/wp\/v2\/comments?post=288523"}],"version-history":[{"count":0,"href":"http:\/\/desarrollo.grupomedios.com\/futbol\/wp-json\/wp\/v2\/posts\/288523\/revisions"}],"wp:featuredmedia":[{"embeddable":true,"href":"http:\/\/desarrollo.grupomedios.com\/futbol\/wp-json\/wp\/v2\/media\/288533"}],"wp:attachment":[{"href":"http:\/\/desarrollo.grupomedios.com\/futbol\/wp-json\/wp\/v2\/media?parent=288523"}],"wp:term":[{"taxonomy":"category","embeddable":true,"href":"http:\/\/desarrollo.grupomedios.com\/futbol\/wp-json\/wp\/v2\/categories?post=288523"},{"taxonomy":"post_tag","embeddable":true,"href":"http:\/\/desarrollo.grupomedios.com\/futbol\/wp-json\/wp\/v2\/tags?post=288523"}],"curies":[{"name":"wp","href":"https:\/\/api.w.org\/{rel}","templated":true}]}}