{"id":288606,"date":"2015-06-25T11:46:02","date_gmt":"2015-06-25T16:46:02","guid":{"rendered":"http:\/\/futboltotal.com.mx\/?p=288606"},"modified":"2015-06-25T12:44:37","modified_gmt":"2015-06-25T17:44:37","slug":"gerard-deulofeu-regresa-al-everton","status":"publish","type":"post","link":"http:\/\/desarrollo.grupomedios.com\/futbol\/futbol-internacional\/gerard-deulofeu-regresa-al-everton\/2015\/06","title":{"rendered":"Gerard Deulofeu regresa al Everton"},"content":{"rendered":"<p>El club de futbol <strong>Everton<\/strong> de la <strong>Liga Premier de Inglaterra<\/strong>, inform\u00f3 este jueves la incorporaci\u00f3n del jugador espa\u00f1ol <strong>Gerard Deulofeu<\/strong>, procedente del <strong>Barcelona<\/strong>, por las pr\u00f3ximas tres temporadas hasta el verano de 2018, con la opci\u00f3n de un a\u00f1o m\u00e1s de contrato.<\/p>\n<p>Deulofeu vivir\u00e1 su segunda etapa en Goodison Park, tras haber militado con el club en la temporada 2013-2014, en la cual tuvo 29 apariciones y logr\u00f3 tres goles en la Premier League y posteriormente fue repatriado al futbol de su pa\u00eds por el Sevilla para la campa\u00f1a 2014-2015 en calidad de pr\u00e9stamo.<\/p>\n<p>Su compatriota y t\u00e9cnico de los <em>Toffees<\/em> Roberto Mart\u00ednez, destac\u00f3 las cualidades del canterano <em>blaugrana<\/em>, que no logro la consolidaci\u00f3n en el primer equipo catal\u00e1n, al ver minutos regularmente con el equipo B.<\/p>\n<p>\u201cGerard no necesita presentaci\u00f3n aqu\u00ed todos somos muy conscientes de su incre\u00edble talento futbol\u00edstico. Llegamos a conocerlo muy bien de su per\u00edodo de pr\u00e9stamo, no s\u00f3lo como un jugador tan talentoso, sino tambi\u00e9n su gran car\u00e1cter. \u00c9l ser\u00e1 un activo fant\u00e1stico para nuestro club\u201d, apunt\u00f3 el timonel.<\/p>\n<p>Cabe resaltar que Pep Guardiola fue quien llam\u00f3 por primera vez al gerundense al primer equipo <em>cul\u00e9<\/em>, en la temporada 2010-2011, y debut\u00f3 con el primer equipo en octubre de 2011 con 17 a\u00f1os ante el Mallorca.<\/p>\n","protected":false},"excerpt":{"rendered":"<p>El delantero firma contrato por tres a\u00f1os con los Toffees<\/p>\n","protected":false},"author":20,"featured_media":288608,"comment_status":"open","ping_status":"open","sticky":false,"template":"","format":"standard","meta":[],"categories":[3839,3844],"tags":[5031,219,4847],"_links":{"self":[{"href":"http:\/\/desarrollo.grupomedios.com\/futbol\/wp-json\/wp\/v2\/posts\/288606"}],"collection":[{"href":"http:\/\/desarrollo.grupomedios.com\/futbol\/wp-json\/wp\/v2\/posts"}],"about":[{"href":"http:\/\/desarrollo.grupomedios.com\/futbol\/wp-json\/wp\/v2\/types\/post"}],"author":[{"embeddable":true,"href":"http:\/\/desarrollo.grupomedios.com\/futbol\/wp-json\/wp\/v2\/users\/20"}],"replies":[{"embeddable":true,"href":"http:\/\/desarrollo.grupomedios.com\/futbol\/wp-json\/wp\/v2\/comments?post=288606"}],"version-history":[{"count":0,"href":"http:\/\/desarrollo.grupomedios.com\/futbol\/wp-json\/wp\/v2\/posts\/288606\/revisions"}],"wp:featuredmedia":[{"embeddable":true,"href":"http:\/\/desarrollo.grupomedios.com\/futbol\/wp-json\/wp\/v2\/media\/288608"}],"wp:attachment":[{"href":"http:\/\/desarrollo.grupomedios.com\/futbol\/wp-json\/wp\/v2\/media?parent=288606"}],"wp:term":[{"taxonomy":"category","embeddable":true,"href":"http:\/\/desarrollo.grupomedios.com\/futbol\/wp-json\/wp\/v2\/categories?post=288606"},{"taxonomy":"post_tag","embeddable":true,"href":"http:\/\/desarrollo.grupomedios.com\/futbol\/wp-json\/wp\/v2\/tags?post=288606"}],"curies":[{"name":"wp","href":"https:\/\/api.w.org\/{rel}","templated":true}]}}