{"id":288682,"date":"2015-06-25T20:31:13","date_gmt":"2015-06-26T01:31:13","guid":{"rendered":"http:\/\/futboltotal.com.mx\/?p=288682"},"modified":"2015-06-25T20:31:36","modified_gmt":"2015-06-26T01:31:36","slug":"jurgen-damm-tunde-a-pachuca-por-falta-de-pago","status":"publish","type":"post","link":"http:\/\/desarrollo.grupomedios.com\/futbol\/destacado-home\/jurgen-damm-tunde-a-pachuca-por-falta-de-pago\/2015\/06","title":{"rendered":"J\u00fcrgen Damm tunde a Pachuca por falta de pago"},"content":{"rendered":"<p><strong>J\u00fcrgen Damm<\/strong> contin\u00faa su pugna con <strong>Pachuca<\/strong> por el pago de 10% de su transferencia a <strong>Tigres<\/strong>, misma que trascendi\u00f3 fue de ocho millones de d\u00f3lares en el pasado Draft.<\/p>\n<p>Asegurando que el traspaso fue por tres millones, no ocho, Pachuca otorg\u00f3 una cantidad que a Damm no le parece fue la correcta. Hoy, en entrevistas, el joven mediocampista argument\u00f3 que el club ha tenido comportamiento similar en el pasado. &#8220;No me chupo el dedo, eso es lo que hacen siempre en Pachuca con el jugador, no se vale,&#8221; dijo a <em>Pasi\u00f3n<\/em>.<\/p>\n<p>Damm recrimin\u00f3 a la directiva hidalguense tasarlo en diez millones de d\u00f3lares hace seis meses, indicando adem\u00e1s que la primera opci\u00f3n para darle salida al jugador ser\u00eda a Europa, solamente para venderlo por menos dinero a un equipo nacional. <strong>&#8220;Estoy triste y frustrado y no se ha respetado el acuerdo (con Tigres) ni las formas que se ten\u00edan en respecto a mi contrato,&#8221;<\/strong> extern\u00f3.<\/p>\n<p>Adem\u00e1s, J\u00fcrgen Damm asegur\u00f3 que seguir\u00e1 peleando por lo que considera es la cantidad correcta en su transferencia y que se dispone a ir a las \u00faltimas consecuencias. &#8220;No me interesan las repercusiones, s\u00f3lo estoy peleando por lo que corresponde,&#8221; continu\u00f3.<\/p>\n<p>A sus 22 a\u00f1os, Damm figuraba a ser una buena opci\u00f3n para el futbol europeo, dado que posee ciudadan\u00eda alemana y por su buena participaci\u00f3n en Estudiantes Tecos y Pachuca. Pese a ser tasado por Pachuca en la cantidad antes mencionada, el portal econ\u00f3mico <em>Transfermarkt<\/em> valora a Damm en apenas <strong>1.2 millones de euros, o unos 1.34 millones de d\u00f3lares.<\/strong><\/p>\n<p>&nbsp;<\/p>\n<p>&nbsp;<\/p>\n","protected":false},"excerpt":{"rendered":"<p>El jugador pide que Pachuca le pague m\u00e1s por el transfer a Tigres<\/p>\n","protected":false},"author":20,"featured_media":288686,"comment_status":"open","ping_status":"open","sticky":false,"template":"","format":"standard","meta":[],"categories":[5,2198,3845],"tags":[1916,5968,5973],"_links":{"self":[{"href":"http:\/\/desarrollo.grupomedios.com\/futbol\/wp-json\/wp\/v2\/posts\/288682"}],"collection":[{"href":"http:\/\/desarrollo.grupomedios.com\/futbol\/wp-json\/wp\/v2\/posts"}],"about":[{"href":"http:\/\/desarrollo.grupomedios.com\/futbol\/wp-json\/wp\/v2\/types\/post"}],"author":[{"embeddable":true,"href":"http:\/\/desarrollo.grupomedios.com\/futbol\/wp-json\/wp\/v2\/users\/20"}],"replies":[{"embeddable":true,"href":"http:\/\/desarrollo.grupomedios.com\/futbol\/wp-json\/wp\/v2\/comments?post=288682"}],"version-history":[{"count":0,"href":"http:\/\/desarrollo.grupomedios.com\/futbol\/wp-json\/wp\/v2\/posts\/288682\/revisions"}],"wp:featuredmedia":[{"embeddable":true,"href":"http:\/\/desarrollo.grupomedios.com\/futbol\/wp-json\/wp\/v2\/media\/288686"}],"wp:attachment":[{"href":"http:\/\/desarrollo.grupomedios.com\/futbol\/wp-json\/wp\/v2\/media?parent=288682"}],"wp:term":[{"taxonomy":"category","embeddable":true,"href":"http:\/\/desarrollo.grupomedios.com\/futbol\/wp-json\/wp\/v2\/categories?post=288682"},{"taxonomy":"post_tag","embeddable":true,"href":"http:\/\/desarrollo.grupomedios.com\/futbol\/wp-json\/wp\/v2\/tags?post=288682"}],"curies":[{"name":"wp","href":"https:\/\/api.w.org\/{rel}","templated":true}]}}