{"id":288731,"date":"2015-06-25T19:51:28","date_gmt":"2015-06-26T00:51:28","guid":{"rendered":"http:\/\/futboltotal.com.mx\/?p=288731"},"modified":"2015-06-25T19:51:28","modified_gmt":"2015-06-26T00:51:28","slug":"rafael-marquez-revela-viejas-manas-del-futbol-mexicano","status":"publish","type":"post","link":"http:\/\/desarrollo.grupomedios.com\/futbol\/futbol-mexicano\/rafael-marquez-revela-viejas-manas-del-futbol-mexicano\/2015\/06","title":{"rendered":"Rafael M\u00e1rquez revela viejas ma\u00f1as del futbol mexicano"},"content":{"rendered":"<p>En los \u00faltimos d\u00edas se dio a conocer que <strong><a href=\"http:\/\/En los \u00faltimos d\u00edas se dio a conocer que J\u00fcrgen Damm no ha recibido el porcentaje de la transferencia de su venta de Pachuca a Tigres, motivo por el cual estaba en duda su llegada al cuadro felino. Este d\u00eda, Rafael M\u00e1rquez revel\u00f3 que pas\u00f3 la misma situaci\u00f3n cuando se fue al M\u00f3naco.   Fue en la campa\u00f1a de 1999 cuando Rafael M\u00e1rquez fue vendido de Atlas al conjunto del Principado, el problema fue que jam\u00e1s recibi\u00f3 su parte de la negociaci\u00f3N.   &quot;Nos ha pasado a todos, a m\u00ed me pas\u00f3 con\u00a0Atlas, yo ganaba muy poco, me fui a\u00a0M\u00f3naco\u00a0y fue diferente, pero en la transferencia si yo no aceptaba lo que ellos (directivos) me propon\u00edan, a lo mejor me hubiera quedado sin ir al M\u00f3naco. M\u00e1s por el sue\u00f1o que por el dinero, intent\u00e9 aceptarlo y me imagino que as\u00ed hay miles de casos&quot;, dijo Rafael M\u00e1rquez en una conferencia de su fundaci\u00f3n, donde a\u00f1adi\u00f3.   &quot;Lamentablemente el futbol mexicano\u00a0tiene esas manchas que no dejan tampoco que el jugador sea m\u00e1s profesional, que crezca o que madure en ese sentido, es muy lamentable lo que pasa en ese tipo de circunstancias&quot;, finaliz\u00f3 M\u00e1rquez.\" target=\"_blank\">J\u00fcrgen Damm no ha recibido el porcentaje de la transferencia de su venta de Pachuca a Tigres<\/a><\/strong>, motivo por el cual estaba en duda su llegada al cuadro felino. Este d\u00eda, <strong>Rafael M\u00e1rquez<\/strong> revel\u00f3 que pas\u00f3 la misma situaci\u00f3n cuando se fue al M\u00f3naco.<\/p>\n<p>Fue en la campa\u00f1a de 1999 cuando <strong>Rafael M\u00e1rquez<\/strong> fue vendido de Atlas al conjunto del <em>Principado<\/em>, el problema fue que jam\u00e1s recibi\u00f3 su parte de la negociaci\u00f3n.<\/p>\n<p>&#8220;Nos ha pasado a todos, a m\u00ed me pas\u00f3 con\u00a0Atlas, yo ganaba muy poco, me fui a\u00a0M\u00f3naco\u00a0y fue diferente, pero en la transferencia si yo no aceptaba lo que ellos (directivos) me propon\u00edan, a lo mejor me hubiera quedado sin ir al M\u00f3naco. M\u00e1s por el sue\u00f1o que por el dinero, intent\u00e9 aceptarlo y me imagino que as\u00ed hay miles de casos&#8221;, dijo <strong>Rafael M\u00e1rquez<\/strong> en una conferencia de su fundaci\u00f3n, donde a\u00f1adi\u00f3.<\/p>\n<p>&#8220;Lamentablemente el futbol mexicano\u00a0tiene esas manchas que no dejan tampoco que el jugador sea m\u00e1s profesional, que crezca o que madure en ese sentido, es muy lamentable lo que pasa en ese tipo de circunstancias&#8221;, finaliz\u00f3 <strong>M\u00e1rquez<\/strong>.<\/p>\n","protected":false},"excerpt":{"rendered":"<p>El defensa del Hellas Verona vivi\u00f3 el mismo caso que Damm<\/p>\n","protected":false},"author":20,"featured_media":288732,"comment_status":"open","ping_status":"open","sticky":false,"template":"","format":"standard","meta":[],"categories":[2198,3845],"tags":[6033],"_links":{"self":[{"href":"http:\/\/desarrollo.grupomedios.com\/futbol\/wp-json\/wp\/v2\/posts\/288731"}],"collection":[{"href":"http:\/\/desarrollo.grupomedios.com\/futbol\/wp-json\/wp\/v2\/posts"}],"about":[{"href":"http:\/\/desarrollo.grupomedios.com\/futbol\/wp-json\/wp\/v2\/types\/post"}],"author":[{"embeddable":true,"href":"http:\/\/desarrollo.grupomedios.com\/futbol\/wp-json\/wp\/v2\/users\/20"}],"replies":[{"embeddable":true,"href":"http:\/\/desarrollo.grupomedios.com\/futbol\/wp-json\/wp\/v2\/comments?post=288731"}],"version-history":[{"count":0,"href":"http:\/\/desarrollo.grupomedios.com\/futbol\/wp-json\/wp\/v2\/posts\/288731\/revisions"}],"wp:featuredmedia":[{"embeddable":true,"href":"http:\/\/desarrollo.grupomedios.com\/futbol\/wp-json\/wp\/v2\/media\/288732"}],"wp:attachment":[{"href":"http:\/\/desarrollo.grupomedios.com\/futbol\/wp-json\/wp\/v2\/media?parent=288731"}],"wp:term":[{"taxonomy":"category","embeddable":true,"href":"http:\/\/desarrollo.grupomedios.com\/futbol\/wp-json\/wp\/v2\/categories?post=288731"},{"taxonomy":"post_tag","embeddable":true,"href":"http:\/\/desarrollo.grupomedios.com\/futbol\/wp-json\/wp\/v2\/tags?post=288731"}],"curies":[{"name":"wp","href":"https:\/\/api.w.org\/{rel}","templated":true}]}}