{"id":288734,"date":"2015-06-25T20:28:19","date_gmt":"2015-06-26T01:28:19","guid":{"rendered":"http:\/\/futboltotal.com.mx\/?p=288734"},"modified":"2015-06-25T20:30:29","modified_gmt":"2015-06-26T01:30:29","slug":"bolivia-1-3-peru-brillante-triunfo","status":"publish","type":"post","link":"http:\/\/desarrollo.grupomedios.com\/futbol\/destacado-home\/bolivia-1-3-peru-brillante-triunfo\/2015\/06","title":{"rendered":"Bolivia 1-3 Per\u00fa | Brillante triunfo"},"content":{"rendered":"<p>Cuando se definieron los <strong>Cuartos de Final<\/strong> de la <strong>Copa Am\u00e9rica<\/strong>, la mayor\u00eda de los aficionados demeritaron el encuentro entre <strong>Bolivia<\/strong> y <strong>Per\u00fa<\/strong>. Sin embargo, para sorpresa de muchos, el partido ofreci\u00f3 un sobresaliente espect\u00e1culo en el que los <em>Incas<\/em> terminaron por imponerse 1-3.<\/p>\n<p>El estadio Germ\u00e1n Becker fue el escenario donde ambas escuadras desde el inicio advirtieron que el cotejo estar\u00eda lleno de oportunidades frente al arco.<\/p>\n<p>Aunque los pupilos de Mauricio Soria propusieron al arranque del cotejo, <strong>Per\u00fa<\/strong> domin\u00f3 hasta que apareci\u00f3 el que se convertir\u00eda en figura, Paolo Guerrero que antes del descanso hizo un doblete (19&#8242; y 21&#8242;).<\/p>\n<p><a href=\"http:\/\/futboltotal.com.mx\/wp-content\/uploads\/2015\/06\/bolivia-vs-peru-en-vivo-copa-america1.jpg\"><img decoding=\"async\" loading=\"lazy\" class=\"alignnone wp-image-288728\" src=\"http:\/\/futboltotal.com.mx\/wp-content\/uploads\/2015\/06\/bolivia-vs-peru-en-vivo-copa-america1.jpg\" alt=\"bolivia-vs-peru-en-vivo-copa-america\" srcset=\"http:\/\/desarrollo.grupomedios.com\/futbol\/wp-content\/uploads\/2015\/06\/bolivia-vs-peru-en-vivo-copa-america1.jpg 820w, http:\/\/desarrollo.grupomedios.com\/futbol\/wp-content\/uploads\/2015\/06\/bolivia-vs-peru-en-vivo-copa-america1-300x201.jpg 300w\" sizes=\"(max-width: 500px) 100vw, 500px\" \/><\/a><\/p>\n<p>Para el complemento del duelo, la <em>Verde<\/em> sali\u00f3 propositiva, pero por m\u00e1s que lo intent\u00f3 no pudo anotar; contrario a los <em>Incas<\/em> que firmaron la goleada parcial gracias al remate de Guerrero.<\/p>\n<p>Ya en la recta final, <strong>Bolivia<\/strong> consigui\u00f3 acortar distancia por la v\u00eda del penal que capitaliz\u00f3 Marcelo Martins, empero, el marcador ya no se movi\u00f3 despu\u00e9s.<\/p>\n<p>De esta forma, los peruanos se medir\u00e1n con el anfitri\u00f3n Chile en las Semifinales de la <strong>Copa Am\u00e9rica<\/strong> el pr\u00f3ximo s\u00e1bado 29 de junio en el estadio Nacional.<\/p>\n<p><iframe loading=\"lazy\" src=\"https:\/\/www.youtube.com\/embed\/MKvUwy2SmIk\" frameborder=\"0\" allowfullscreen=\"allowfullscreen\"><\/iframe><\/p>\n","protected":false},"excerpt":{"rendered":"<p>Los Incas avanzaron y se enfrentar\u00e1n a Chile en Semifinales<\/p>\n","protected":false},"author":20,"featured_media":288735,"comment_status":"open","ping_status":"open","sticky":false,"template":"","format":"standard","meta":[],"categories":[5,3839],"tags":[337,2130,722],"_links":{"self":[{"href":"http:\/\/desarrollo.grupomedios.com\/futbol\/wp-json\/wp\/v2\/posts\/288734"}],"collection":[{"href":"http:\/\/desarrollo.grupomedios.com\/futbol\/wp-json\/wp\/v2\/posts"}],"about":[{"href":"http:\/\/desarrollo.grupomedios.com\/futbol\/wp-json\/wp\/v2\/types\/post"}],"author":[{"embeddable":true,"href":"http:\/\/desarrollo.grupomedios.com\/futbol\/wp-json\/wp\/v2\/users\/20"}],"replies":[{"embeddable":true,"href":"http:\/\/desarrollo.grupomedios.com\/futbol\/wp-json\/wp\/v2\/comments?post=288734"}],"version-history":[{"count":0,"href":"http:\/\/desarrollo.grupomedios.com\/futbol\/wp-json\/wp\/v2\/posts\/288734\/revisions"}],"wp:featuredmedia":[{"embeddable":true,"href":"http:\/\/desarrollo.grupomedios.com\/futbol\/wp-json\/wp\/v2\/media\/288735"}],"wp:attachment":[{"href":"http:\/\/desarrollo.grupomedios.com\/futbol\/wp-json\/wp\/v2\/media?parent=288734"}],"wp:term":[{"taxonomy":"category","embeddable":true,"href":"http:\/\/desarrollo.grupomedios.com\/futbol\/wp-json\/wp\/v2\/categories?post=288734"},{"taxonomy":"post_tag","embeddable":true,"href":"http:\/\/desarrollo.grupomedios.com\/futbol\/wp-json\/wp\/v2\/tags?post=288734"}],"curies":[{"name":"wp","href":"https:\/\/api.w.org\/{rel}","templated":true}]}}