{"id":288786,"date":"2015-06-26T09:14:14","date_gmt":"2015-06-26T14:14:14","guid":{"rendered":"http:\/\/futboltotal.com.mx\/?p=288786"},"modified":"2015-06-26T14:08:09","modified_gmt":"2015-06-26T19:08:09","slug":"john-carew-de-crack-en-valencia-a-mafioso-de-cine","status":"publish","type":"post","link":"http:\/\/desarrollo.grupomedios.com\/futbol\/futbol-internacional\/john-carew-de-crack-en-valencia-a-mafioso-de-cine\/2015\/06","title":{"rendered":"John Carew, de crack en Valencia a mafioso de cine"},"content":{"rendered":"<p>El futbol abre muchos caminos, a veces los m\u00e1s inesperados. Eso es lo que vive ahora John Carew, quien pas\u00f3 de ser un crack en Valencia a mafioso de cine. E<\/p>\n<p>Carew debut\u00f3 en el cine noruego con un papel protagonista de mafioso en la pel\u00edcula de acci\u00f3n &#8220;H\u00f8vdinger&#8221; (Caudillos).<\/p>\n<p>&#8220;Interpreto a un g\u00e1ngster realmente malvado, c\u00ednico y brutal. No ha sido de ninguna manera f\u00e1cil hacer de malo y ser tan perverso: en realidad soy un chico bastante bueno&#8221;, declar\u00f3 a NRK, el exfutbolista que brill\u00f3 con el Valencia del 2000 al 2004 (conquist\u00f3 dos ligas 2002 y 2004 y un subcampeonato en Champions League por el 2001).<\/p>\n<p>El tambi\u00e9n exdelantero del Roma y el Aston Villa, adem\u00e1s de la selecci\u00f3n noruega, interpreta a un mafioso alban\u00e9s de nombre Igor y que en el film s\u00f3lo habla en ingl\u00e9s.<\/p>\n<p>&#8220;Probarme como actor ha sido algo en lo que he estado interesado desde hace tiempo. De momento me ha dejado con ganas de m\u00e1s&#8221;, afirm\u00f3 Carew, que confes\u00f3 estar &#8220;tenso&#8221; por la respuesta del p\u00fablico.<\/p>\n<p>Carew ya hab\u00eda parecido en un peque\u00f1o papel en &#8220;Dead of Winter&#8221; (La muerte del invierno), una pel\u00edcula canadiense estrenada hace unos meses, por lo que no ser\u00eda su estreno en la gran pantalla.<\/p>\n","protected":false},"excerpt":{"rendered":"<p>El espigado noruego cambi\u00f3 el futbol por el s\u00e9ptimo arte<\/p>\n","protected":false},"author":20,"featured_media":288789,"comment_status":"open","ping_status":"open","sticky":false,"template":"","format":"standard","meta":[],"categories":[5419,3839,3844],"tags":[5628,5629,87],"_links":{"self":[{"href":"http:\/\/desarrollo.grupomedios.com\/futbol\/wp-json\/wp\/v2\/posts\/288786"}],"collection":[{"href":"http:\/\/desarrollo.grupomedios.com\/futbol\/wp-json\/wp\/v2\/posts"}],"about":[{"href":"http:\/\/desarrollo.grupomedios.com\/futbol\/wp-json\/wp\/v2\/types\/post"}],"author":[{"embeddable":true,"href":"http:\/\/desarrollo.grupomedios.com\/futbol\/wp-json\/wp\/v2\/users\/20"}],"replies":[{"embeddable":true,"href":"http:\/\/desarrollo.grupomedios.com\/futbol\/wp-json\/wp\/v2\/comments?post=288786"}],"version-history":[{"count":0,"href":"http:\/\/desarrollo.grupomedios.com\/futbol\/wp-json\/wp\/v2\/posts\/288786\/revisions"}],"wp:featuredmedia":[{"embeddable":true,"href":"http:\/\/desarrollo.grupomedios.com\/futbol\/wp-json\/wp\/v2\/media\/288789"}],"wp:attachment":[{"href":"http:\/\/desarrollo.grupomedios.com\/futbol\/wp-json\/wp\/v2\/media?parent=288786"}],"wp:term":[{"taxonomy":"category","embeddable":true,"href":"http:\/\/desarrollo.grupomedios.com\/futbol\/wp-json\/wp\/v2\/categories?post=288786"},{"taxonomy":"post_tag","embeddable":true,"href":"http:\/\/desarrollo.grupomedios.com\/futbol\/wp-json\/wp\/v2\/tags?post=288786"}],"curies":[{"name":"wp","href":"https:\/\/api.w.org\/{rel}","templated":true}]}}