{"id":288829,"date":"2015-06-26T12:12:48","date_gmt":"2015-06-26T17:12:48","guid":{"rendered":"http:\/\/futboltotal.com.mx\/?p=288829"},"modified":"2015-06-26T12:19:11","modified_gmt":"2015-06-26T17:19:11","slug":"pachuca-le-pago-de-mas-de-a-jurgen-damm","status":"publish","type":"post","link":"http:\/\/desarrollo.grupomedios.com\/futbol\/futbol-mexicano\/pachuca-le-pago-de-mas-de-a-jurgen-damm\/2015\/06","title":{"rendered":"Pachuca le pag\u00f3 de m\u00e1s a J\u00fcrgen Damm"},"content":{"rendered":"<p>Luego de <strong><a href=\"http:\/\/futboltotal.com.mx\/2015\/06\/jurgen-damm-tunde-a-pachuca-por-falta-de-pago\/\" target=\"_blank\">la pol\u00e9mica que se dio tras el traspaso de J\u00fcrgen Damm a Tigres<\/a><\/strong>, este viernes se confirm\u00f3 que <strong>Pachuca<\/strong> ya le pag\u00f3 al futbolista la parte que le correspond\u00eda de la transferencia, y no solo eso, sino que le dieron dinero de m\u00e1s.<\/p>\n<p>\u201cQuedo muy contento, agradecerle a mi representante por la negociaci\u00f3n que tuvo con <strong>Pachuca<\/strong>, de lo que estaba pidiendo todav\u00eda me dieron m\u00e1s. Agradecerle a la directiva del <strong>Pachuca<\/strong> por haber hecho el esfuerzo de darme todo lo que me correspond\u00eda\u201d, dijo <strong>J\u00fcrgen Damm<\/strong> en entrevista con el programa <em>Matutino Express.<\/em><\/p>\n<p>Asimismo, ante la posibilidad de que el futbolista pueda emigrar en en futuro a Europa, el mismo <strong>Damm<\/strong> explic\u00f3 que existe una cl\u00e1usula en su contrato que le permitir\u00eda irse en caso de que llegue una buena oferta a <strong>Tigres<\/strong>.<\/p>\n<p>\u201cS\u00ed, claro, se platic\u00f3 esto con mi representante y con la gente de <strong>Tigres<\/strong>, si llega una oferta atractiva se va a dar la posibilidad y la apertura para poder negociar, pero ahora vengo llegando y lo que quiero es ganarme un puesto, hacer las cosas muy bien ac\u00e1 y ojal\u00e1 Dios quiera que en un futuro si se hacen las cosas bien poder salir con el consentimiento de la instituci\u00f3n\u201d, apunt\u00f3.<\/p>\n<p>Dentro del mercado nacional, <strong>J\u00fcrgen Damm<\/strong> fue el fichaje m\u00e1s caro, pues Tigres habr\u00eda pagado m\u00e1s de 8 millones de d\u00f3lares a Pachuca por los servicios del elemento de 22 a\u00f1os.<\/p>\n","protected":false},"excerpt":{"rendered":"<p>El futbolista tiene una clausula para emigrar al extranjero<\/p>\n","protected":false},"author":20,"featured_media":288834,"comment_status":"open","ping_status":"open","sticky":false,"template":"","format":"standard","meta":[],"categories":[2198,3845],"tags":[1916],"_links":{"self":[{"href":"http:\/\/desarrollo.grupomedios.com\/futbol\/wp-json\/wp\/v2\/posts\/288829"}],"collection":[{"href":"http:\/\/desarrollo.grupomedios.com\/futbol\/wp-json\/wp\/v2\/posts"}],"about":[{"href":"http:\/\/desarrollo.grupomedios.com\/futbol\/wp-json\/wp\/v2\/types\/post"}],"author":[{"embeddable":true,"href":"http:\/\/desarrollo.grupomedios.com\/futbol\/wp-json\/wp\/v2\/users\/20"}],"replies":[{"embeddable":true,"href":"http:\/\/desarrollo.grupomedios.com\/futbol\/wp-json\/wp\/v2\/comments?post=288829"}],"version-history":[{"count":0,"href":"http:\/\/desarrollo.grupomedios.com\/futbol\/wp-json\/wp\/v2\/posts\/288829\/revisions"}],"wp:featuredmedia":[{"embeddable":true,"href":"http:\/\/desarrollo.grupomedios.com\/futbol\/wp-json\/wp\/v2\/media\/288834"}],"wp:attachment":[{"href":"http:\/\/desarrollo.grupomedios.com\/futbol\/wp-json\/wp\/v2\/media?parent=288829"}],"wp:term":[{"taxonomy":"category","embeddable":true,"href":"http:\/\/desarrollo.grupomedios.com\/futbol\/wp-json\/wp\/v2\/categories?post=288829"},{"taxonomy":"post_tag","embeddable":true,"href":"http:\/\/desarrollo.grupomedios.com\/futbol\/wp-json\/wp\/v2\/tags?post=288829"}],"curies":[{"name":"wp","href":"https:\/\/api.w.org\/{rel}","templated":true}]}}