{"id":288893,"date":"2015-06-26T13:57:48","date_gmt":"2015-06-26T18:57:48","guid":{"rendered":"http:\/\/futboltotal.com.mx\/?p=288893"},"modified":"2015-06-26T13:57:48","modified_gmt":"2015-06-26T18:57:48","slug":"el-gran-gesto-de-james-rodriguez","status":"publish","type":"post","link":"http:\/\/desarrollo.grupomedios.com\/futbol\/videos\/el-gran-gesto-de-james-rodriguez\/2015\/06","title":{"rendered":"El gran gesto de James Rodr\u00edguez"},"content":{"rendered":"<p>Mientras varios de los seleccionados de Colombia pasaron de largo ante los llamados de sus fan\u00e1ticos, el \u00eddolo <em>cafetalero<\/em>, <strong>James<\/strong> Rodr\u00edguez, demostr\u00f3 el porqu\u00e9 de su gran popularidad y desde que un peque\u00f1o le llam\u00f3, acudi\u00f3 al encuentro a abrazarlo, mimarlo y provocar sus l\u00e1grimas para luego saciarlas con su firma y el regalo de su sudadera. <\/p>\n<p><iframe loading=\"lazy\" src=\"https:\/\/www.youtube.com\/embed\/nP06inKwumc\" frameborder=\"0\" allowfullscreen><\/iframe><\/p>\n","protected":false},"excerpt":{"rendered":"<p>El crack colombiano no para de ganar adeptos con la fanaticada<\/p>\n","protected":false},"author":20,"featured_media":288894,"comment_status":"open","ping_status":"open","sticky":false,"template":"","format":"standard","meta":[],"categories":[4],"tags":[6005,2130,6082],"_links":{"self":[{"href":"http:\/\/desarrollo.grupomedios.com\/futbol\/wp-json\/wp\/v2\/posts\/288893"}],"collection":[{"href":"http:\/\/desarrollo.grupomedios.com\/futbol\/wp-json\/wp\/v2\/posts"}],"about":[{"href":"http:\/\/desarrollo.grupomedios.com\/futbol\/wp-json\/wp\/v2\/types\/post"}],"author":[{"embeddable":true,"href":"http:\/\/desarrollo.grupomedios.com\/futbol\/wp-json\/wp\/v2\/users\/20"}],"replies":[{"embeddable":true,"href":"http:\/\/desarrollo.grupomedios.com\/futbol\/wp-json\/wp\/v2\/comments?post=288893"}],"version-history":[{"count":0,"href":"http:\/\/desarrollo.grupomedios.com\/futbol\/wp-json\/wp\/v2\/posts\/288893\/revisions"}],"wp:featuredmedia":[{"embeddable":true,"href":"http:\/\/desarrollo.grupomedios.com\/futbol\/wp-json\/wp\/v2\/media\/288894"}],"wp:attachment":[{"href":"http:\/\/desarrollo.grupomedios.com\/futbol\/wp-json\/wp\/v2\/media?parent=288893"}],"wp:term":[{"taxonomy":"category","embeddable":true,"href":"http:\/\/desarrollo.grupomedios.com\/futbol\/wp-json\/wp\/v2\/categories?post=288893"},{"taxonomy":"post_tag","embeddable":true,"href":"http:\/\/desarrollo.grupomedios.com\/futbol\/wp-json\/wp\/v2\/tags?post=288893"}],"curies":[{"name":"wp","href":"https:\/\/api.w.org\/{rel}","templated":true}]}}