{"id":288902,"date":"2015-06-26T15:15:13","date_gmt":"2015-06-26T20:15:13","guid":{"rendered":"http:\/\/futboltotal.com.mx\/?p=288902"},"modified":"2015-06-26T15:15:13","modified_gmt":"2015-06-26T20:15:13","slug":"rihanna-la-nueva-novia-de-karim-benzema","status":"publish","type":"post","link":"http:\/\/desarrollo.grupomedios.com\/futbol\/futbol-internacional\/rihanna-la-nueva-novia-de-karim-benzema\/2015\/06","title":{"rendered":"Rihanna, la nueva novia de Karim Benzema"},"content":{"rendered":"<p>El jugador franc\u00e9s, <strong>Karim Benzema<\/strong>, logr\u00f3 concretar de manera correcta su romance con la cantante <strong>Rihanna<\/strong>. En base a la publicaci\u00f3n de la revista inglesa <em>Look <\/em>, ambas celebridades disfrutan de su nueva relaci\u00f3n en las diversas fiestas que se les ha captado.<\/p>\n<p>Amigos de Rihanna, han mencionado para la publicaci\u00f3n que la forma de pensar de la chica de Barbados ha cambiado radicalmente, pas\u00f3 de ser una persona que no cre\u00eda en las relaciones y ahora habla hasta casarse.<\/p>\n<p><strong>&#8220;Rihanna\u00a0<\/strong>ha cambiado radicalmente, parece haber vivido una transformaci\u00f3n radical. Ha pasado de decir que no cree en la monogamia a comentar que s\u00f3lo quiere estar con una persona&#8221;.<\/p>\n<p>Adem\u00e1s, destacan que la relaci\u00f3n que inici\u00f3 la modelo es la m\u00e1s formal que ha hecho, su forma de creer en \u00e9l hace que la uni\u00f3n sea m\u00e1s fuerte.<\/p>\n<p>&#8220;Es el primer chico con el que se toma tanto tiempo para conocer antes de lanzarse a por \u00e9l. Ella dice que nunca ha experimentado nada parecido en toda su vida y que conf\u00eda en\u00a0<strong>Benzema\u00a0<\/strong>como si fuera su amigo&#8221;,\u00a0agreg\u00f3 dicha fuente.<\/p>\n","protected":false},"excerpt":{"rendered":"<p>El astro franc\u00e9s ha estado muy acaramelado con la cantante <\/p>\n","protected":false},"author":20,"featured_media":288924,"comment_status":"open","ping_status":"open","sticky":false,"template":"","format":"standard","meta":[],"categories":[5419,3839],"tags":[1961,5636],"_links":{"self":[{"href":"http:\/\/desarrollo.grupomedios.com\/futbol\/wp-json\/wp\/v2\/posts\/288902"}],"collection":[{"href":"http:\/\/desarrollo.grupomedios.com\/futbol\/wp-json\/wp\/v2\/posts"}],"about":[{"href":"http:\/\/desarrollo.grupomedios.com\/futbol\/wp-json\/wp\/v2\/types\/post"}],"author":[{"embeddable":true,"href":"http:\/\/desarrollo.grupomedios.com\/futbol\/wp-json\/wp\/v2\/users\/20"}],"replies":[{"embeddable":true,"href":"http:\/\/desarrollo.grupomedios.com\/futbol\/wp-json\/wp\/v2\/comments?post=288902"}],"version-history":[{"count":0,"href":"http:\/\/desarrollo.grupomedios.com\/futbol\/wp-json\/wp\/v2\/posts\/288902\/revisions"}],"wp:featuredmedia":[{"embeddable":true,"href":"http:\/\/desarrollo.grupomedios.com\/futbol\/wp-json\/wp\/v2\/media\/288924"}],"wp:attachment":[{"href":"http:\/\/desarrollo.grupomedios.com\/futbol\/wp-json\/wp\/v2\/media?parent=288902"}],"wp:term":[{"taxonomy":"category","embeddable":true,"href":"http:\/\/desarrollo.grupomedios.com\/futbol\/wp-json\/wp\/v2\/categories?post=288902"},{"taxonomy":"post_tag","embeddable":true,"href":"http:\/\/desarrollo.grupomedios.com\/futbol\/wp-json\/wp\/v2\/tags?post=288902"}],"curies":[{"name":"wp","href":"https:\/\/api.w.org\/{rel}","templated":true}]}}