{"id":288942,"date":"2015-06-26T15:48:52","date_gmt":"2015-06-26T20:48:52","guid":{"rendered":"http:\/\/futboltotal.com.mx\/?p=288942"},"modified":"2015-06-26T15:49:46","modified_gmt":"2015-06-26T20:49:46","slug":"arda-turan-en-la-mira-del-barcelona","status":"publish","type":"post","link":"http:\/\/desarrollo.grupomedios.com\/futbol\/futbol-internacional\/arda-turan-en-la-mira-del-barcelona\/2015\/06","title":{"rendered":"Arda Tur\u00e1n en la mira del Barcelona"},"content":{"rendered":"<p>El futbolista <em>Colchonero,<\/em><strong> Arda Tur\u00e1n<\/strong>, es uno de los nuevos objetivos que se ha planteado el estratega de los <em>Blaugranas<\/em>, <strong>Luis Enrique<\/strong>. Seg\u00fan declaraciones del rotativo,\u00a0<em>Mundo Deportivo, <\/em>el <strong>Barcelona<\/strong> est\u00e1 dispuesto a negociar la cl\u00e1usula de rescisi\u00f3n de 41 millones de euros en los que est\u00e1 valuado el futbolista.<\/p>\n<p><strong>Arda Tur\u00e1n<\/strong>, tiene contrato con el <strong>Atl\u00e9tico de Madrid<\/strong> hasta el verano del 2017, sin embargo, cuando se le ofreci\u00f3 ampliar la negociaci\u00f3n, el mediocentro se neg\u00f3 hacerlo debido a que tiene como objetivo cambiar de aires en las pr\u00f3ximas semanas.<\/p>\n<p>El diario espa\u00f1ol, recalca que la negaci\u00f3n del turco se da porque\u00a0considera que su ciclo con el equipo madrile\u00f1o lleg\u00f3 a su fin. El haber ganado una liga y ser finalista en la Champions League fueron las metas que cumpli\u00f3 Arda.<\/p>\n<p>La llegada de Tur\u00e1n al conjunto catal\u00e1n se concretar\u00eda porque cuenta con las caracter\u00edsticas que busca el estratega azulgrana, adem\u00e1s, la cifra es accesible para un jugador de su talla. El posible fichaje tiene m\u00e1s peso tras la declaraci\u00f3n hecha por <strong>Diego Simeone <\/strong>para radio <em>Marca<\/em><strong>, <\/strong>en ella,expresa que los \u00fanicos jugadores intransferibles de su plantilla son \u201cKoke, God\u00edn y poco m\u00e1s\u201d.<\/p>\n<p><strong>Arda Tur\u00e1n<\/strong> concluy\u00f3 la temporada 2014-2015 en la liga espa\u00f1ola con 2,331 minutos en 32 juegos disputados, colabor\u00f3 con dos goles y gener\u00f3 de manera correcta cuatro asistencias.<\/p>\n","protected":false},"excerpt":{"rendered":"<p>Los blaugranas est\u00e1n dispuestos a negociar su cl\u00e1usula de rescisi\u00f3n de 41 millones de euros <\/p>\n","protected":false},"author":20,"featured_media":288944,"comment_status":"open","ping_status":"open","sticky":false,"template":"","format":"standard","meta":[],"categories":[3839,3844],"tags":[6055,5984],"_links":{"self":[{"href":"http:\/\/desarrollo.grupomedios.com\/futbol\/wp-json\/wp\/v2\/posts\/288942"}],"collection":[{"href":"http:\/\/desarrollo.grupomedios.com\/futbol\/wp-json\/wp\/v2\/posts"}],"about":[{"href":"http:\/\/desarrollo.grupomedios.com\/futbol\/wp-json\/wp\/v2\/types\/post"}],"author":[{"embeddable":true,"href":"http:\/\/desarrollo.grupomedios.com\/futbol\/wp-json\/wp\/v2\/users\/20"}],"replies":[{"embeddable":true,"href":"http:\/\/desarrollo.grupomedios.com\/futbol\/wp-json\/wp\/v2\/comments?post=288942"}],"version-history":[{"count":0,"href":"http:\/\/desarrollo.grupomedios.com\/futbol\/wp-json\/wp\/v2\/posts\/288942\/revisions"}],"wp:featuredmedia":[{"embeddable":true,"href":"http:\/\/desarrollo.grupomedios.com\/futbol\/wp-json\/wp\/v2\/media\/288944"}],"wp:attachment":[{"href":"http:\/\/desarrollo.grupomedios.com\/futbol\/wp-json\/wp\/v2\/media?parent=288942"}],"wp:term":[{"taxonomy":"category","embeddable":true,"href":"http:\/\/desarrollo.grupomedios.com\/futbol\/wp-json\/wp\/v2\/categories?post=288942"},{"taxonomy":"post_tag","embeddable":true,"href":"http:\/\/desarrollo.grupomedios.com\/futbol\/wp-json\/wp\/v2\/tags?post=288942"}],"curies":[{"name":"wp","href":"https:\/\/api.w.org\/{rel}","templated":true}]}}